{"id":46157,"date":"2025-10-13T13:31:57","date_gmt":"2025-10-13T13:31:57","guid":{"rendered":"https:\/\/zennihost.com\/test\/2025\/10\/13\/rei-manaj-dhe-gjesti-i-shqiponjes-dykrenare-ndaj-serbeve-rrezikon-deri-ne-10-ndeshje\/"},"modified":"2025-10-13T13:31:57","modified_gmt":"2025-10-13T13:31:57","slug":"rei-manaj-dhe-gjesti-i-shqiponjes-dykrenare-ndaj-serbeve-rrezikon-deri-ne-10-ndeshje","status":"publish","type":"post","link":"https:\/\/zennihost.com\/test\/2025\/10\/13\/rei-manaj-dhe-gjesti-i-shqiponjes-dykrenare-ndaj-serbeve-rrezikon-deri-ne-10-ndeshje\/","title":{"rendered":"Rei Manaj dhe gjesti i shqiponj\u00ebs dykrenare ndaj serb\u00ebve: rrezikon deri n\u00eb 10 ndeshje"},"content":{"rendered":"<p>Rei Manaj imitoi gjestin e shqiponj\u00ebs dykrenare pasi sh\u00ebnoi gol ndaj Serbis\u00eb n\u00eb ndeshjen e kualifikimeve p\u00ebr Kup\u00ebn e Bot\u00ebs 2026. Nj\u00eb rezultat i r\u00ebnd\u00ebsish\u00ebm p\u00ebr Shqip\u00ebrin\u00eb p\u00ebr vler\u00ebn q\u00eb ka p\u00ebrtej fush\u00ebs sportive. Gjyqtari e nd\u00ebshkoi menj\u00ebher\u00eb me karton t\u00eb verdh\u00eb, por ai \u00ebsht\u00eb asgj\u00eb krahasuar me sanksionin shembullor q\u00eb FIFA mund t\u00eb vendos\u00eb p\u00ebr t\u00eb censuruar at\u00eb festim, i cili, sipas rregullores, \u00ebsht\u00eb i ndaluar. N\u00ebse i shkon mbar\u00eb, mund ta kaloj\u00eb me nj\u00eb ndeshje pezullim dhe nj\u00eb gjob\u00eb t\u00eb r\u00ebnd\u00eb. Precedent\u00ebt dhe historia konfliktuale mes dy vendeve, si edhe masat q\u00eb ishin marr\u00eb n\u00eb drit\u00ebn e rreziqeve t\u00eb lidhura me ndeshjen (hyrje e kufizuar n\u00eb stadium, munges\u00eb tifoz\u00ebsh mysafir\u00eb dhe ndalim i simboleve shqiptare), rrezikojn\u00eb t\u00eb r\u00ebndojn\u00eb pozit\u00ebn e tij.<\/p>\n<p>Diskriminimi q\u00ebndron i t\u00ebri n\u00eb m\u00ebnyr\u00ebn e vler\u00ebsimit q\u00eb komisioni do t\u00eb vendos\u00eb t\u00eb p\u00ebrdor\u00eb: n\u00ebse do t\u00eb konsiderohet vet\u00ebm si \u201csjellje josportive\u201d, at\u00ebher\u00eb ajo shfaqje e hapur e euforis\u00eb do t\u2019i kushtoj\u00eb pak; ndryshe \u00ebsht\u00eb n\u00ebse atij gjesti q\u00eb ndezi shpirtrat (nga tribunat tifoz\u00ebt ballkanik\u00eb ul\u00ebrit\u00ebn \u201cduhet ta vrasim shqiptarin\u201d) do t\u2019i atribuohet nj\u00eb natyr\u00eb urrejtjeje apo raciste. N\u00eb k\u00ebto raste masat jan\u00eb shum\u00eb m\u00eb t\u00eb r\u00ebnda, me sulmuesin q\u00eb do t\u00eb detyrohej t\u00eb mos vesh\u00eb p\u00ebr nj\u00eb koh\u00eb t\u00eb gjat\u00eb fanell\u00ebn e komb\u00ebtares.<\/p>\n<h4>\u00c7far\u00eb parashikon rregullorja e FIFA-s p\u00ebr sjellje t\u00eb tilla<\/h4>\n<p>Ajo shfaqje krenarie dhe identiteti nga ana e Manaj mund t\u00eb merret n\u00eb shqyrtim nga organet e FIFA-s, t\u00eb cilat parashikojn\u00eb \u201ct\u00eb pakt\u00ebn nj\u00eb ndeshje ose nj\u00eb periudh\u00eb kohe t\u00eb p\u00ebrshtatshme p\u00ebr sjellje josportive ndaj nj\u00eb kund\u00ebrshtari apo ndaj \u00e7do personi tjet\u00ebr q\u00eb nuk \u00ebsht\u00eb zyrtar ndeshjeje\u201d. Por neni 14 i rregullores zgjeron gam\u00ebn e interpretimit dhe, nj\u00ebkoh\u00ebsisht, t\u00eb d\u00ebnimit q\u00eb mund t\u00eb shqiptohet ndaj lojtarit.<\/p>\n<p>N\u00eb pik\u00ebn f) t\u00eb paragrafit 1 \u00ebsht\u00eb p\u00ebrcaktuar d\u00ebnimi prej \u201ct\u00eb pakt\u00ebn dy ndeshjesh p\u00ebr provokimin e spektator\u00ebve gjat\u00eb nj\u00eb ndeshjeje me \u00e7do mjet\u201d. N\u00eb pik\u00ebn 4 specifikohet: \u201cNj\u00eb lojtar apo drejtues q\u00eb, n\u00eb kontekstin e nj\u00eb ndeshjeje (edhe para ose pas saj) apo t\u00eb nj\u00eb kompeticioni, nxit publikisht t\u00eb tjer\u00ebt n\u00eb urrejtje ose dhun\u00eb, do t\u00eb nd\u00ebshkohet me ndalim pjes\u00ebmarrjeje n\u00eb \u00e7do aktivitet futbollistik p\u00ebr jo m\u00eb pak se gjasht\u00eb muaj dhe me nj\u00eb gjob\u00eb minimale prej 5 mij\u00eb frangash zvicerane. N\u00eb rastet e r\u00ebnda, p\u00ebrve\u00e7 sanksioneve t\u00eb m\u00ebsip\u00ebrme dhe ve\u00e7an\u00ebrisht n\u00ebse shkelja kryhet duke p\u00ebrdorur rrjetet sociale dhe\/ose masmediat (si shtypi, radio apo televizioni) ose ndodh dit\u00ebn e nj\u00eb ndeshjeje brenda apo pran\u00eb stadiumit, gjoba minimale do t\u00eb jet\u00eb 20 mij\u00eb franga zvicerane.\u201d<\/p>\n\n<h4>Lexo m\u00eb tej:\u00a0<a href=\"https:\/\/lapsi.al\/2025\/10\/12\/fotolajm-qytetari-i-kosoves-voton-rey-manajn-ne-zgjedhjet-lokale\/\">FOTOLAJM\/ Qytetari i Kosov\u00ebs voton Rey Manajn n\u00eb zgjedhjet lokale<\/a><\/h4>\n<p>Manaj mund t\u00eb mungoj\u00eb madje deri n\u00eb 10 ndeshje n\u00ebse sjellja e tij do t\u00eb konsiderohet si gjest racist. Neni 15 trajton pik\u00ebrisht fush\u00ebn e sjelljes diskriminuese: \u201cKushdo q\u00eb ofendon dinjitetin ose integritetin e nj\u00eb vendi, personi ose grupi personash p\u00ebrmes fjal\u00ebve apo veprimeve p\u00ebr\u00e7muese, diskriminuese ose denigruese p\u00ebr arsye race, ngjyre l\u00ebkure, etnie, komb\u00ebsie, origjine shoq\u00ebrore, gjinie, aft\u00ebsie t\u00eb kufizuar, orientimi seksual, gjuhe, feje, opinioni politik ose \u00e7far\u00ebdo natyre tjet\u00ebr, pasurie, lindjeje apo statusi tjet\u00ebr, do t\u00eb nd\u00ebshkohet me pezullim prej t\u00eb pakt\u00ebn dhjet\u00eb ndeshjesh ose p\u00ebr nj\u00eb periudh\u00eb t\u00eb caktuar kohe, ose me \u00e7do mas\u00eb tjet\u00ebr disiplinore t\u00eb p\u00ebrshtatshme\u201d.<\/p>\n\n<h4>Precedenti i Shaqirit dhe Xhak\u00ebs me Zvicr\u00ebn<\/h4>\n<p>Nuk \u00ebsht\u00eb hera e par\u00eb q\u00eb FIFA p\u00ebrballet me situata t\u00eb tilla: n\u00eb vitin 2018 u nd\u00ebshkuan lojtar\u00ebt e komb\u00ebtares zvicerane Shaqiri dhe Xhaka p\u00ebr at\u00eb q\u00eb ndodhi gjat\u00eb Kup\u00ebs s\u00eb Bot\u00ebs n\u00eb Rusi. T\u00eb dy me origjin\u00eb kosovaro-shqiptare, festuan golat e tyre n\u00eb fitoren 2\u20131 ndaj Serbis\u00eb duke b\u00ebr\u00eb me duar gjestin e shqiponj\u00ebs dykrenare, n\u00eb m\u00ebnyr\u00eb q\u00eb t\u00eb pohonin origjin\u00ebn e tyre.<\/p>\n<p>The post <a href=\"https:\/\/lapsi.al\/2025\/10\/13\/rei-manaj-dhe-gjesti-i-shqiponjes-dykrenare-ndaj-serbeve-rrezikon-deri-ne-10-ndeshje\/\">Rei Manaj dhe gjesti i shqiponj\u00ebs dykrenare ndaj serb\u00ebve: rrezikon deri n\u00eb 10 ndeshje<\/a> appeared first on <a href=\"https:\/\/lapsi.al\/\">Lapsi.al<\/a>.<\/p>","protected":false},"excerpt":{"rendered":"<p>Rei Manaj imitoi gjestin e shqiponj\u00ebs dykrenare pasi sh\u00ebnoi gol ndaj Serbis\u00eb n\u00eb ndeshjen e kualifikimeve p\u00ebr Kup\u00ebn e Bot\u00ebs 2026. Nj\u00eb rezultat i r\u00ebnd\u00ebsish\u00ebm p\u00ebr Shqip\u00ebrin\u00eb p\u00ebr vler\u00ebn q\u00eb ka p\u00ebrtej fush\u00ebs sportive. Gjyqtari e nd\u00ebshkoi menj\u00ebher\u00eb me karton t\u00eb verdh\u00eb, por ai \u00ebsht\u00eb asgj\u00eb krahasuar me sanksionin shembullor q\u00eb FIFA mund t\u00eb vendos\u00eb [&hellip;]<\/p>\n","protected":false},"author":0,"featured_media":46158,"comment_status":"open","ping_status":"open","sticky":false,"template":"","format":"standard","meta":{"footnotes":""},"categories":[1],"tags":[],"class_list":["post-46157","post","type-post","status-publish","format-standard","has-post-thumbnail","hentry","category-uncategorized"],"_links":{"self":[{"href":"https:\/\/zennihost.com\/test\/wp-json\/wp\/v2\/posts\/46157","targetHints":{"allow":["GET"]}}],"collection":[{"href":"https:\/\/zennihost.com\/test\/wp-json\/wp\/v2\/posts"}],"about":[{"href":"https:\/\/zennihost.com\/test\/wp-json\/wp\/v2\/types\/post"}],"replies":[{"embeddable":true,"href":"https:\/\/zennihost.com\/test\/wp-json\/wp\/v2\/comments?post=46157"}],"version-history":[{"count":0,"href":"https:\/\/zennihost.com\/test\/wp-json\/wp\/v2\/posts\/46157\/revisions"}],"wp:featuredmedia":[{"embeddable":true,"href":"https:\/\/zennihost.com\/test\/wp-json\/wp\/v2\/media\/46158"}],"wp:attachment":[{"href":"https:\/\/zennihost.com\/test\/wp-json\/wp\/v2\/media?parent=46157"}],"wp:term":[{"taxonomy":"category","embeddable":true,"href":"https:\/\/zennihost.com\/test\/wp-json\/wp\/v2\/categories?post=46157"},{"taxonomy":"post_tag","embeddable":true,"href":"https:\/\/zennihost.com\/test\/wp-json\/wp\/v2\/tags?post=46157"}],"curies":[{"name":"wp","href":"https:\/\/api.w.org\/{rel}","templated":true}]}}