{"id":46156,"date":"2025-10-13T14:08:56","date_gmt":"2025-10-13T14:08:56","guid":{"rendered":"https:\/\/zennihost.com\/test\/2025\/10\/13\/guvernatori-sejko-eshte-cenuar-pavaresia-e-bankes-se-shqiperise\/"},"modified":"2025-10-13T14:08:56","modified_gmt":"2025-10-13T14:08:56","slug":"guvernatori-sejko-eshte-cenuar-pavaresia-e-bankes-se-shqiperise","status":"publish","type":"post","link":"https:\/\/zennihost.com\/test\/2025\/10\/13\/guvernatori-sejko-eshte-cenuar-pavaresia-e-bankes-se-shqiperise\/","title":{"rendered":"Guvernatori Sejko: \u00cbsht\u00eb c\u00ebnuar pavar\u00ebsia e Bank\u00ebs s\u00eb Shqip\u00ebris\u00eb"},"content":{"rendered":"<p>\u201cPavar\u00ebsia e Bank\u00ebs s\u00eb Shqip\u00ebris\u00eb \u00ebsht\u00eb cenuar\u201d. K\u00ebshtu \u00ebsht\u00eb shprehur guvernatori i Bank\u00ebs s\u00eb Shqip\u00ebris\u00eb Gent Sejko gjat\u00eb raportimit n\u00eb Komisionin Parlamentar t\u00eb Ekonomis\u00eb.<\/p>\n<p>Sejko ka b\u00ebr\u00eb nj\u00eb deklarat\u00eb t\u00eb pazakont\u00eb, duke shprehur shqet\u00ebsimin p\u00ebr cenimin e pavar\u00ebsis\u00eb s\u00eb institucionit q\u00eb drejton.<\/p>\n<p>Gjat\u00eb raportimit vjetor p\u00ebr pun\u00ebn e BSH-s\u00eb, ai u shpreh se gjat\u00eb dy viteve t\u00eb fundit, Banka e Shqip\u00ebris\u00eb \u00ebsht\u00eb p\u00ebrballur me presione t\u00eb vazhdueshme q\u00eb kan\u00eb ndikuar n\u00eb ushtrimin e funksioneve t\u00eb saj kushtetuese.<\/p>\n<p><em>\u201cPavar\u00ebsia e Bank\u00ebs s\u00eb Shqip\u00ebris\u00eb, shpesh her\u00eb ka element q\u00eb ndikojn\u00eb. Bank\u00ebs s\u00eb Shqip\u00ebris\u00eb i k\u00ebrkohet llogari q\u00eb jan\u00eb jasht\u00eb tagrit t\u00eb saj, ky \u00ebsht\u00eb cenim i pavar\u00ebsis\u00eb. K\u00ebto dy vitet e fundit e kam ndjer\u00eb r\u00ebnd\u00eb k\u00ebt\u00eb gj\u00eb, por s\u2019dua t\u00eb hyj\u00eb n\u00eb detaje. P\u00ebr shkak t\u00eb k\u00ebtij presioni Banka e Shqip\u00ebris\u00eb nuk ka qen\u00eb e lir\u00eb p\u00ebr t\u00eb ushtruar detyrat e saj, por s\u2019dua t\u00eb zgjatem\u201d,<\/em> tha Sejko.<\/p>\n<p>Guvernatori Sejko nuk \u00ebsht\u00eb ndalur m\u00eb tej n\u00eb detaje konkrete lidhur me natyr\u00ebn apo dhe origjin\u00ebn e presioneve n\u00eb adres\u00eb t\u00eb BSH.<\/p>\n<p>The post <a href=\"https:\/\/lapsi.al\/2025\/10\/13\/guvernatori-sejko-ben-viktimen-eshte-cenuar-pavaresia-e-bankes-se-shqiperise\/\">Guvernatori Sejko: \u00cbsht\u00eb c\u00ebnuar pavar\u00ebsia e Bank\u00ebs s\u00eb Shqip\u00ebris\u00eb<\/a> appeared first on <a href=\"https:\/\/lapsi.al\/\">Lapsi.al<\/a>.<\/p>","protected":false},"excerpt":{"rendered":"<p>\u201cPavar\u00ebsia e Bank\u00ebs s\u00eb Shqip\u00ebris\u00eb \u00ebsht\u00eb cenuar\u201d. K\u00ebshtu \u00ebsht\u00eb shprehur guvernatori i Bank\u00ebs s\u00eb Shqip\u00ebris\u00eb Gent Sejko gjat\u00eb raportimit n\u00eb Komisionin Parlamentar t\u00eb Ekonomis\u00eb. Sejko ka b\u00ebr\u00eb nj\u00eb deklarat\u00eb t\u00eb pazakont\u00eb, duke shprehur shqet\u00ebsimin p\u00ebr cenimin e pavar\u00ebsis\u00eb s\u00eb institucionit q\u00eb drejton. Gjat\u00eb raportimit vjetor p\u00ebr pun\u00ebn e BSH-s\u00eb, ai u shpreh se gjat\u00eb dy [&hellip;]<\/p>\n","protected":false},"author":0,"featured_media":0,"comment_status":"open","ping_status":"open","sticky":false,"template":"","format":"standard","meta":{"footnotes":""},"categories":[1],"tags":[],"class_list":["post-46156","post","type-post","status-publish","format-standard","hentry","category-uncategorized"],"_links":{"self":[{"href":"https:\/\/zennihost.com\/test\/wp-json\/wp\/v2\/posts\/46156","targetHints":{"allow":["GET"]}}],"collection":[{"href":"https:\/\/zennihost.com\/test\/wp-json\/wp\/v2\/posts"}],"about":[{"href":"https:\/\/zennihost.com\/test\/wp-json\/wp\/v2\/types\/post"}],"replies":[{"embeddable":true,"href":"https:\/\/zennihost.com\/test\/wp-json\/wp\/v2\/comments?post=46156"}],"version-history":[{"count":0,"href":"https:\/\/zennihost.com\/test\/wp-json\/wp\/v2\/posts\/46156\/revisions"}],"wp:attachment":[{"href":"https:\/\/zennihost.com\/test\/wp-json\/wp\/v2\/media?parent=46156"}],"wp:term":[{"taxonomy":"category","embeddable":true,"href":"https:\/\/zennihost.com\/test\/wp-json\/wp\/v2\/categories?post=46156"},{"taxonomy":"post_tag","embeddable":true,"href":"https:\/\/zennihost.com\/test\/wp-json\/wp\/v2\/tags?post=46156"}],"curies":[{"name":"wp","href":"https:\/\/api.w.org\/{rel}","templated":true}]}}