{"id":46151,"date":"2025-10-13T14:48:16","date_gmt":"2025-10-13T14:48:16","guid":{"rendered":"https:\/\/zennihost.com\/test\/2025\/10\/13\/grabitje-me-dhune-ne-mes-te-vores-arrestohen-dy-skifteret\/"},"modified":"2025-10-13T14:48:16","modified_gmt":"2025-10-13T14:48:16","slug":"grabitje-me-dhune-ne-mes-te-vores-arrestohen-dy-skifteret","status":"publish","type":"post","link":"https:\/\/zennihost.com\/test\/2025\/10\/13\/grabitje-me-dhune-ne-mes-te-vores-arrestohen-dy-skifteret\/","title":{"rendered":"Grabitje me dhun\u00eb n\u00eb mes t\u00eb Vor\u00ebs, arrestohen dy \u201cskifter\u00ebt\u201d"},"content":{"rendered":"<p>I mor\u00ebn me dhun\u00eb nj\u00eb 27-vje\u00e7ari, n\u00eb rrug\u00eb, nj\u00eb shum\u00eb parash dhe 3 celular\u00eb, identifikohen, kapen dhe vihen n\u00eb pranga 2 shtetas.<\/p>\n<p>Sh\u00ebrbimet e Komisariatit t\u00eb Policis\u00eb Nr. 7, menj\u00ebher\u00eb pas marrjes s\u00eb njoftimit se nj\u00eb shtetasi i kishin vjedhur me dhun\u00eb, nj\u00eb shum\u00eb parash, organizuan pun\u00ebn p\u00ebr zbardhjen e vjedhjes, identifikimin dhe kapjen e autor\u00ebve. Si rezultat i veprimeve t\u00eb kryera n\u00eb kuad\u00ebr t\u00eb operacionit policor t\u00eb koduar \u201cRoad\u201d, u lokalizuan n\u00eb nj\u00eb banes\u00eb t\u00eb braktisur, u kap\u00ebn dhe u vun\u00eb n\u00eb pranga 2 autor\u00ebt e dyshuar t\u00eb rastit, shtetasit F. S., 26 vje\u00e7, dhe G. Sh., 30 vje\u00e7, banues n\u00eb Vor\u00eb.<\/p>\n<p>Gjithashtu, p\u00ebr k\u00ebt\u00eb rast u referuan materialet n\u00eb Prokurori ku nisi procedimi n\u00eb gjendje t\u00eb lir\u00eb p\u00ebr shtetasen E. P., 24 vje\u00e7e, p\u00ebr vepr\u00ebn penale \u201cMoskall\u00ebzimi i krimit\u201d. Nga hetimet dyshohet se shtetasit F. S. dhe G. Sh., n\u00eb rrug\u00ebn e fshatit Marikaj, n\u00eb mbr\u00ebmje, i kan\u00eb marr\u00eb me dhun\u00eb, nj\u00eb shtetasi, 5300 euro dhe 3 celular\u00eb.<\/p>\n<p>Gjat\u00eb kontrollit n\u00eb banes\u00ebn e shtetasit F. S., n\u00eb Vor\u00eb, sh\u00ebrbimet e Policis\u00eb gjet\u00ebn dhe sekuestruan n\u00eb cil\u00ebsin\u00eb e prov\u00ebs materiale: 2 karikator\u00eb arme zjarri automatik model 56, nj\u00eb pal\u00eb pranga, nj\u00eb mjet prer\u00ebs (thik\u00eb) dhe 3 celular\u00ebt e vjedhur.<br \/>\nMaterialet procedurale iu referuan Prokuroris\u00eb pran\u00eb Gjykat\u00ebs s\u00eb Shkall\u00ebs s\u00eb Par\u00eb Tiran\u00eb, p\u00ebr veprime t\u00eb m\u00ebtejshme.<\/p>\n<p>The post <a href=\"https:\/\/lexo.al\/2025\/10\/grabitje-me-dhune-ne-mes-te-vores-arrestohen-dy-skifteret\/\">Grabitje me dhun\u00eb n\u00eb mes t\u00eb Vor\u00ebs, arrestohen dy \u201cskifter\u00ebt\u201d<\/a> appeared first on <a href=\"https:\/\/lexo.al\/\">www.lexo.al<\/a>.<\/p>","protected":false},"excerpt":{"rendered":"<p>I mor\u00ebn me dhun\u00eb nj\u00eb 27-vje\u00e7ari, n\u00eb rrug\u00eb, nj\u00eb shum\u00eb parash dhe 3 celular\u00eb, identifikohen, kapen dhe vihen n\u00eb pranga 2 shtetas. Sh\u00ebrbimet e Komisariatit t\u00eb Policis\u00eb Nr. 7, menj\u00ebher\u00eb pas marrjes s\u00eb njoftimit se nj\u00eb shtetasi i kishin vjedhur me dhun\u00eb, nj\u00eb shum\u00eb parash, organizuan pun\u00ebn p\u00ebr zbardhjen e vjedhjes, identifikimin dhe kapjen e [&hellip;]<\/p>\n","protected":false},"author":0,"featured_media":0,"comment_status":"open","ping_status":"open","sticky":false,"template":"","format":"standard","meta":{"footnotes":""},"categories":[1],"tags":[],"class_list":["post-46151","post","type-post","status-publish","format-standard","hentry","category-uncategorized"],"_links":{"self":[{"href":"https:\/\/zennihost.com\/test\/wp-json\/wp\/v2\/posts\/46151","targetHints":{"allow":["GET"]}}],"collection":[{"href":"https:\/\/zennihost.com\/test\/wp-json\/wp\/v2\/posts"}],"about":[{"href":"https:\/\/zennihost.com\/test\/wp-json\/wp\/v2\/types\/post"}],"replies":[{"embeddable":true,"href":"https:\/\/zennihost.com\/test\/wp-json\/wp\/v2\/comments?post=46151"}],"version-history":[{"count":0,"href":"https:\/\/zennihost.com\/test\/wp-json\/wp\/v2\/posts\/46151\/revisions"}],"wp:attachment":[{"href":"https:\/\/zennihost.com\/test\/wp-json\/wp\/v2\/media?parent=46151"}],"wp:term":[{"taxonomy":"category","embeddable":true,"href":"https:\/\/zennihost.com\/test\/wp-json\/wp\/v2\/categories?post=46151"},{"taxonomy":"post_tag","embeddable":true,"href":"https:\/\/zennihost.com\/test\/wp-json\/wp\/v2\/tags?post=46151"}],"curies":[{"name":"wp","href":"https:\/\/api.w.org\/{rel}","templated":true}]}}