{"id":46148,"date":"2025-10-13T14:48:14","date_gmt":"2025-10-13T14:48:14","guid":{"rendered":"https:\/\/zennihost.com\/test\/2025\/10\/13\/albin-kurti-kete-jave-nisin-diskutimet-per-qeverisjen-qendrore\/"},"modified":"2025-10-13T14:48:14","modified_gmt":"2025-10-13T14:48:14","slug":"albin-kurti-kete-jave-nisin-diskutimet-per-qeverisjen-qendrore","status":"publish","type":"post","link":"https:\/\/zennihost.com\/test\/2025\/10\/13\/albin-kurti-kete-jave-nisin-diskutimet-per-qeverisjen-qendrore\/","title":{"rendered":"Albin Kurti: K\u00ebt\u00eb jav\u00eb nisin diskutimet p\u00ebr qeverisjen qendrore"},"content":{"rendered":"<p>Kryeministri n\u00eb detyr\u00eb i Kosov\u00ebs, Albin Kurti, ka th\u00ebn\u00eb t\u00eb h\u00ebn\u00ebn se k\u00ebt\u00eb jav\u00eb do t\u2019i nis\u00eb diskutimet p\u00ebr qeverisjen qendrore.<\/p>\n<p>Presidentja e Kosov\u00ebs, Vjosa Osmani e ka mandatuar Kurtin p\u00ebr ta formuar Qeverin\u00eb e re, pas konstituimit t\u00eb Kuvendit m\u00eb 10 tetor, me zgjedhjen e Nenad Rashiqit n\u00ebnkryetar nga komuniteti serb.<\/p>\n<p>Partia e Kurtit, L\u00ebvizja Vet\u00ebvendosje, ka fituar m\u00eb s\u00eb shumti vota n\u00eb zgjedhjet parlamentare t\u00eb 9 shkurtit, por jo mjaftuesh\u00ebm p\u00ebr ta formuar vet\u00eb udh\u00ebheqjen e re.<\/p>\n<p>Kurti ka th\u00ebn\u00eb se dita e fundit kur do t\u00eb mund t\u00eb mbahet seanca e Kuvendit, ku ai prezanton kabinetin e ri, \u00ebsht\u00eb 26 tetori.<\/p>\n<p>\u201cKosov\u00ebs i duhet edhe nj\u00eb mandat i Qeveris\u00eb son\u00eb, i duhet nj\u00eb mandat i ri i Qeveris\u00eb son\u00eb. Neve na duhet nj\u00eb mandat i ri n\u00eb p\u00ebrputhje me rezultatin e 9 shkurtit sivjet. Un\u00eb si kryeminist\u00ebr n\u00eb detyr\u00eb kam hyr\u00eb n\u00eb muajin e shtat\u00eb t\u00eb vitit t\u00eb pest\u00eb t\u00eb mandatit t\u00eb plot\u00eb kat\u00ebrvje\u00e7ar, dhe duhet t\u00eb kemi mandat t\u00eb rregullt, i cili padyshim se do t\u00eb filloj\u00eb sapo ta nxjerrim n\u00eb kuvend p\u00ebrb\u00ebrjen e re Kurti 3\u201d, ka th\u00ebn\u00eb kryeministri n\u00eb detyr\u00eb n\u00eb nj\u00eb konferenc\u00eb p\u00ebr media.<\/p>\n<p>\u201cN\u00eb momentin q\u00eb vler\u00ebsojm\u00eb se komunikimet kan\u00eb rezultuar t\u00eb suksesshme, ne nuk e presim 26 tetorin, por ai \u00ebsht\u00eb afati i fundit\u201d, ka deklaruar Kurti, duke mos dashur t\u00eb jap\u00eb holl\u00ebsi se me cilat parti mund t\u00eb jet\u00eb duke diskutuar ndonj\u00eb koalicion t\u00eb mundsh\u00ebm qeveritar.<\/p>\n<p>\u201cNuk mund t\u00eb flas m\u00eb shum\u00eb n\u00eb k\u00ebt\u00eb faz\u00eb. N\u00ebse nuk ka Qeveri t\u00eb re Kurti 3, pa asnj\u00eb dyshim q\u00eb jemi t\u00eb gatsh\u00ebm p\u00ebr zgjedhje t\u00eb reja parlamentare\u201d.<\/p>\n<p>Albulena Haxhiu nga partia e Kurtit ka th\u00ebn\u00eb dit\u00eb m\u00eb par\u00eb se LVV-ja mund t\u00eb diskutoj\u00eb me Lidhjen Demokratike t\u00eb Kosov\u00ebs p\u00ebr ndonj\u00eb koalicion t\u00eb mundsh\u00ebm, pasi Nisma Socialdemokrate nuk ka qen\u00eb e interesuar t\u00eb p\u00ebrfshihet n\u00eb qeverisje.<\/p>\n<p>Ajo e ka p\u00ebrjashtuar ndonj\u00eb koalicion t\u00eb mundsh\u00ebm me Partin\u00eb Demokratike t\u00eb Kosov\u00ebs dhe List\u00ebn Serbe \u2013 partin\u00eb m\u00eb t\u00eb madhe t\u00eb serb\u00ebve n\u00eb Kosov\u00eb.<\/p>\n<p>Pas mandatit t\u00eb dh\u00ebn\u00eb nga Osmani, Kurti i ka 15 dit\u00ebq\u00eb ta propozoj\u00eb para Kuvendit p\u00ebrb\u00ebrjen e kabinetit qeveritar.<\/p>\n<p>Kabineti duhet t\u2019i siguroj\u00eb votat e 61 deputet\u00ebve brenda k\u00ebtij afati. Por, n\u00ebse kjo nuk ndodh, presidentja \u00ebsht\u00eb e obliguar q\u00eb brenda 10 dit\u00ebve t\u2019i ftoj\u00eb n\u00eb konsultim edhe nj\u00eb her\u00eb partit\u00eb politike, edhe t\u00eb vendos\u00eb, sipas diskrecionit t\u00eb saj, p\u00ebr mandataren e re, n\u00ebse ajo ia d\u00ebshmon se i ka numrat p\u00ebr t\u00eb formuar Qeverin\u00eb.<\/p>\n<p>Edhe mandatarja e ardhshme duhet t\u2019i ket\u00eb 15 dit\u00eb koh\u00eb q\u00eb t\u2019ia paraqes\u00eb Kuvendit p\u00ebrb\u00ebrjen e kabinetit qeveritar.<\/p>\n<p>N\u00ebse Qeveria nuk formohet as pas 40 dit\u00ebsh, presidentja duhet t\u00eb shpall\u00eb dekretin p\u00ebr zgjedhjet e reja, q\u00eb duhet t\u00eb mbahen dyzet dit\u00eb prej shpalljes s\u00eb vendimit.<\/p>\n<p>Kryeministri n\u00eb detyr\u00eb Kurti i ka b\u00ebr\u00eb k\u00ebto deklarata nj\u00eb dit\u00eb pas zgjedhjeve lokale t\u00eb mbajtura n\u00eb 38 komunat e Kosov\u00ebs.<\/p>\n<p>Sipas tij, partia Vet\u00ebvendosje e ka sh\u00ebnuar rezultatin m\u00eb t\u00eb mir\u00eb n\u00eb nivel lokal.<\/p>\n<p>Sipas t\u00eb dh\u00ebnave t\u00eb Komisionit Qendror t\u00eb Zgjedhjeve, LVV-ja ka fituar n\u00eb tri komuna \u2013 Podujev\u00eb, Kamenic\u00eb, Shtime, nd\u00ebrsa do ta vazhdoj\u00eb gar\u00ebn n\u00eb balotazh n\u00eb 12 komuna tjera.<\/p>\n<p>P\u00ebr njoh\u00ebsit e \u00e7\u00ebshtjeve politike, asnj\u00ebra parti nuk arriti dominim t\u00eb plot\u00eb.<\/p>\n<p>Dalja n\u00eb k\u00ebto zgjedhje ka qen\u00eb rreth 40 p\u00ebr qind, pak m\u00eb e vog\u00ebl sesa m\u00eb 2021.<\/p>\n<p>N\u00eb total, 21 komuna i kan\u00eb zgjedhur kryetar\u00ebt n\u00eb rundin e par\u00eb, nd\u00ebrsa 17 tjera do t\u00eb organizojn\u00eb balotazhin m\u00eb 9 n\u00ebntor.<\/p>\n<p>Procesi zgjedhor \u00ebsht\u00eb zhvilluar i qet\u00eb, pa incidente t\u00eb m\u00ebdha.<\/p>\n<p>\/rel\/<\/p>\n<p>The post <a href=\"https:\/\/gijotina.com\/albin-kurti-kete-jave-nisin-diskutimet-per-qeverisjen-qendrore\/\">Albin Kurti: K\u00ebt\u00eb jav\u00eb nisin diskutimet p\u00ebr qeverisjen qendrore<\/a> appeared first on <a href=\"https:\/\/gijotina.com\/\">GIJOTINA<\/a>.<\/p>","protected":false},"excerpt":{"rendered":"<p>Kryeministri n\u00eb detyr\u00eb i Kosov\u00ebs, Albin Kurti, ka th\u00ebn\u00eb t\u00eb h\u00ebn\u00ebn se k\u00ebt\u00eb jav\u00eb do t\u2019i nis\u00eb diskutimet p\u00ebr qeverisjen qendrore. Presidentja e Kosov\u00ebs, Vjosa Osmani e ka mandatuar Kurtin p\u00ebr ta formuar Qeverin\u00eb e re, pas konstituimit t\u00eb Kuvendit m\u00eb 10 tetor, me zgjedhjen e Nenad Rashiqit n\u00ebnkryetar nga komuniteti serb. Partia e Kurtit, [&hellip;]<\/p>\n","protected":false},"author":0,"featured_media":0,"comment_status":"open","ping_status":"open","sticky":false,"template":"","format":"standard","meta":{"footnotes":""},"categories":[1],"tags":[],"class_list":["post-46148","post","type-post","status-publish","format-standard","hentry","category-uncategorized"],"_links":{"self":[{"href":"https:\/\/zennihost.com\/test\/wp-json\/wp\/v2\/posts\/46148","targetHints":{"allow":["GET"]}}],"collection":[{"href":"https:\/\/zennihost.com\/test\/wp-json\/wp\/v2\/posts"}],"about":[{"href":"https:\/\/zennihost.com\/test\/wp-json\/wp\/v2\/types\/post"}],"replies":[{"embeddable":true,"href":"https:\/\/zennihost.com\/test\/wp-json\/wp\/v2\/comments?post=46148"}],"version-history":[{"count":0,"href":"https:\/\/zennihost.com\/test\/wp-json\/wp\/v2\/posts\/46148\/revisions"}],"wp:attachment":[{"href":"https:\/\/zennihost.com\/test\/wp-json\/wp\/v2\/media?parent=46148"}],"wp:term":[{"taxonomy":"category","embeddable":true,"href":"https:\/\/zennihost.com\/test\/wp-json\/wp\/v2\/categories?post=46148"},{"taxonomy":"post_tag","embeddable":true,"href":"https:\/\/zennihost.com\/test\/wp-json\/wp\/v2\/tags?post=46148"}],"curies":[{"name":"wp","href":"https:\/\/api.w.org\/{rel}","templated":true}]}}