{"id":46147,"date":"2025-10-13T14:48:14","date_gmt":"2025-10-13T14:48:14","guid":{"rendered":"https:\/\/zennihost.com\/test\/2025\/10\/13\/sekuestrimi-i-prones-ne-shkoder-kush-eshte-pronari-qe-deklaroi-veten-te-vdekur\/"},"modified":"2025-10-13T14:48:14","modified_gmt":"2025-10-13T14:48:14","slug":"sekuestrimi-i-prones-ne-shkoder-kush-eshte-pronari-qe-deklaroi-veten-te-vdekur","status":"publish","type":"post","link":"https:\/\/zennihost.com\/test\/2025\/10\/13\/sekuestrimi-i-prones-ne-shkoder-kush-eshte-pronari-qe-deklaroi-veten-te-vdekur\/","title":{"rendered":"Sekuestrimi i pron\u00ebs n\u00eb Shkod\u00ebr, kush \u00ebsht\u00eb pronari q\u00eb \u201cdeklaroi\u201d veten t\u00eb vdekur"},"content":{"rendered":"<p>Prokuroria pran\u00eb Gjykat\u00ebs s\u00eb Shkall\u00ebs s\u00eb Par\u00eb t\u00eb Juridiksionit t\u00eb P\u00ebrgjithsh\u00ebm Shkod\u00ebr sekuestron nj\u00eb apartament n\u00eb Shkod\u00ebr, n\u00eb kuad\u00ebr t\u00eb hetimeve p\u00ebr pastrim parash.<\/p>\n<p>Prokuroria pran\u00eb Gjykat\u00ebs s\u00eb Shkall\u00ebs s\u00eb Par\u00eb t\u00eb Juridiksionit t\u00eb P\u00ebrgjithsh\u00ebm Shkod\u00ebr, n\u00eb kuad\u00ebr t\u00eb hetimeve q\u00eb jan\u00eb zhvilluar p\u00ebr vepr\u00ebn penale t\u00eb \u201cPastrimit t\u00eb produkteve t\u00eb vepr\u00ebs penale ose veprimtaris\u00eb kriminale\u201d, e kryer n\u00eb bashk\u00ebpunim, parashikuar nga neni 287\/2 i Kodit Penal, ka vendosur mas\u00ebn e sekuestros preventive mbi nj\u00eb pasuri t\u00eb paluajtshme.<\/p>\n<p>Masa e sekuestros \u00ebsht\u00eb vendosur mbi pasurin\u00eb e paluajtshme:<br \/>\n\u2022 Lloji: Apartament<br \/>\n\u2022 Sip\u00ebrfaqja: 103.4 m\u00b2<br \/>\n\u2022 Adresa: Lagjja \u201cVasil Shanto\u201d, Shkod\u00ebr<\/p>\n<p>Nga hetimet e deritanishme rezulton se shtetasi Leonard Mnella alias Leon Kolmnela alias Leonard Kolmnela, i dat\u00eblindjes 14.03.1969, n\u00eb bashk\u00ebpunim me shtetasen J. N, dyshohet se kan\u00eb konsumuar element\u00ebt e vepr\u00ebs penale t\u00eb sip\u00ebrcituar. Sipas provave t\u00eb administruara, pasuria \u00ebsht\u00eb bler\u00eb nga shtetasja J. N me fonde t\u00eb dyshuara t\u00eb ardhura nga veprimtari kriminale, t\u00eb transferuara m\u00eb par\u00eb nga shtetasi L.M.<\/p>\n<p>Po ashtu, kjo shtetase nuk rezulton t\u00eb ket\u00eb burime t\u00eb ligjshme t\u00eb t\u00eb ardhurave q\u00eb t\u00eb justifikojn\u00eb investimin. Shtetasi L. M \u00ebsht\u00eb denuar nga Gjykata e Distriktit t\u00eb Shteteve t\u00eb Bashkuara t\u00eb Amerik\u00ebs, Distrikti Jugor i New York, p\u00ebr vepra penale n\u00eb fush\u00ebn e trafikimit t\u00eb l\u00ebnd\u00ebve narkotike, kryer n\u00eb bashk\u00ebpunim.<\/p>\n<p>Gjithashtu, ky shtetas ishte n\u00eb k\u00ebrkim nga Interpol Roma pasi me vendimin nr.71\/05 1044\/05R.G.C.A, dat\u00eb 07.10.2005 t\u00eb Gjykat\u00ebs s\u00eb Apelit t\u00eb Salernos \u00ebsht\u00eb d\u00ebnuar me 25 vjet burg p\u00ebr veprat penale t\u00eb \u201cOrganizat\u00eb kriminale, drog\u00eb, pengmarrje, heqje e paligjshme e liris\u00eb dhe mbajtja pa leje e arm\u00ebve dhe municioneve luftarake\u201d.<\/p>\n<p>Gjykata ka pranuar k\u00ebrkes\u00ebn e Prokuroris\u00eb p\u00ebr vendosjen e mas\u00ebs s\u00eb sekuestros preventive, me q\u00ebllim parandalimin e tjet\u00ebrsimit t\u00eb pasuris\u00eb dhe ruajtjen e saj p\u00ebr konfiskim t\u00eb mundsh\u00ebm n\u00eb p\u00ebrfundim t\u00eb procesit penal.<\/p>\n<p>Leonard Mnella alias Leon Kolmnela alias Leonard Kolmnela, n\u00eb vitin 2013 arriti q\u00eb n\u00ebp\u00ebrmjet nj\u00eb vendimi gjyq\u00ebsor t\u00eb l\u00ebshuar nga nj\u00eb Gjykat\u00eb shqiptare, t\u00eb deklarohej i vdekur n\u00eb Amerik\u00ebn Latine.<\/p>\n<p>54-vje\u00e7ari, \u00ebsht\u00eb i d\u00ebnuar nga autoritetet gjyq\u00ebsore italiane, me 25 vjet burgim, konkretisht nga Gjykata e Salernos, p\u00ebr p\u00ebr bashk\u00ebpunim n\u00eb organizat\u00eb kriminale, rr\u00ebmbim personi, tentativ\u00eb zhavatjeje, shkelje t\u00eb ligjit p\u00ebr arm\u00ebt dhe trafik droge n\u00eb sasi t\u00eb m\u00ebdha dhe \u00ebsht\u00eb ekstradua nj\u00eb vit m\u00eb par\u00eb n\u00eb vendin ton\u00eb.<\/p>\n<p><strong>gijotina.com\/<\/strong><\/p>\n<p>The post <a href=\"https:\/\/gijotina.com\/sekuestrimi-i-prones-ne-shkoder-kush-eshte-pronari-qe-deklaroi-veten-te-vdekur\/\">Sekuestrimi i pron\u00ebs n\u00eb Shkod\u00ebr, kush \u00ebsht\u00eb pronari q\u00eb \u201cdeklaroi\u201d veten t\u00eb vdekur<\/a> appeared first on <a href=\"https:\/\/gijotina.com\/\">GIJOTINA<\/a>.<\/p>","protected":false},"excerpt":{"rendered":"<p>Prokuroria pran\u00eb Gjykat\u00ebs s\u00eb Shkall\u00ebs s\u00eb Par\u00eb t\u00eb Juridiksionit t\u00eb P\u00ebrgjithsh\u00ebm Shkod\u00ebr sekuestron nj\u00eb apartament n\u00eb Shkod\u00ebr, n\u00eb kuad\u00ebr t\u00eb hetimeve p\u00ebr pastrim parash. Prokuroria pran\u00eb Gjykat\u00ebs s\u00eb Shkall\u00ebs s\u00eb Par\u00eb t\u00eb Juridiksionit t\u00eb P\u00ebrgjithsh\u00ebm Shkod\u00ebr, n\u00eb kuad\u00ebr t\u00eb hetimeve q\u00eb jan\u00eb zhvilluar p\u00ebr vepr\u00ebn penale t\u00eb \u201cPastrimit t\u00eb produkteve t\u00eb vepr\u00ebs penale ose veprimtaris\u00eb [&hellip;]<\/p>\n","protected":false},"author":0,"featured_media":0,"comment_status":"open","ping_status":"open","sticky":false,"template":"","format":"standard","meta":{"footnotes":""},"categories":[1],"tags":[],"class_list":["post-46147","post","type-post","status-publish","format-standard","hentry","category-uncategorized"],"_links":{"self":[{"href":"https:\/\/zennihost.com\/test\/wp-json\/wp\/v2\/posts\/46147","targetHints":{"allow":["GET"]}}],"collection":[{"href":"https:\/\/zennihost.com\/test\/wp-json\/wp\/v2\/posts"}],"about":[{"href":"https:\/\/zennihost.com\/test\/wp-json\/wp\/v2\/types\/post"}],"replies":[{"embeddable":true,"href":"https:\/\/zennihost.com\/test\/wp-json\/wp\/v2\/comments?post=46147"}],"version-history":[{"count":0,"href":"https:\/\/zennihost.com\/test\/wp-json\/wp\/v2\/posts\/46147\/revisions"}],"wp:attachment":[{"href":"https:\/\/zennihost.com\/test\/wp-json\/wp\/v2\/media?parent=46147"}],"wp:term":[{"taxonomy":"category","embeddable":true,"href":"https:\/\/zennihost.com\/test\/wp-json\/wp\/v2\/categories?post=46147"},{"taxonomy":"post_tag","embeddable":true,"href":"https:\/\/zennihost.com\/test\/wp-json\/wp\/v2\/tags?post=46147"}],"curies":[{"name":"wp","href":"https:\/\/api.w.org\/{rel}","templated":true}]}}