{"id":46146,"date":"2025-10-13T14:48:14","date_gmt":"2025-10-13T14:48:14","guid":{"rendered":"https:\/\/zennihost.com\/test\/2025\/10\/13\/415-te-rinj-nisin-zyrtarisht-rrugen-ne-policine-e-shtetit-kociuuniforma-eshte-pergjegjesi-jo-privilegj\/"},"modified":"2025-10-13T14:48:14","modified_gmt":"2025-10-13T14:48:14","slug":"415-te-rinj-nisin-zyrtarisht-rrugen-ne-policine-e-shtetit-kociuuniforma-eshte-pergjegjesi-jo-privilegj","status":"publish","type":"post","link":"https:\/\/zennihost.com\/test\/2025\/10\/13\/415-te-rinj-nisin-zyrtarisht-rrugen-ne-policine-e-shtetit-kociuuniforma-eshte-pergjegjesi-jo-privilegj\/","title":{"rendered":"415 t\u00eb rinj nisin zyrtarisht rrug\u00ebn n\u00eb Policin\u00eb e Shtetit, Ko\u00e7iu:\u201dUniforma \u00ebsht\u00eb p\u00ebrgjegj\u00ebsi, jo privilegj\u201d"},"content":{"rendered":"<p>Ministrja e Pun\u00ebve t\u00eb Brendshme Albana Ko\u00e7iu p\u00ebrg\u00ebzoi 415 student\u00ebt e Akademis\u00eb s\u00eb Siguris\u00eb pas p\u00ebrfundimit me sukses t\u00eb kursit \u201cPatrull\u00eb e P\u00ebrgjithshme\u201d. N\u00eb ceremonin\u00eb e betimit dhe certifikimit mor\u00ebn pjes\u00eb drejtuesit m\u00eb t\u00eb lart\u00eb t\u00eb Policis\u00eb s\u00eb Shtetit, Akademis\u00eb s\u00eb Siguris\u00eb, drejtues t\u00eb programeve t\u00eb huaja t\u00eb asistenc\u00ebs, student\u00eb e familjar\u00eb. Ministrja Ko\u00e7iu u shpreh se ky \u00ebsht\u00eb nj\u00eb moment i r\u00ebnd\u00ebsish\u00ebm n\u00eb nisjen e karrier\u00ebs profesionale t\u00eb k\u00ebtij brezi t\u00eb ri t\u00eb punonj\u00ebsve t\u00eb Policis\u00eb s\u00eb Shtetit.<\/p>\n<p>\u201cKy \u00ebsht\u00eb nj\u00eb moment i r\u00ebnd\u00ebsish\u00ebm n\u00eb fuqizimin dhe rip\u00ebrt\u00ebritjen e trup\u00ebs s\u00eb Policis\u00eb s\u00eb Shtetit,\u201d \u2013 u shpreh n\u00eb fillim t\u00eb fjal\u00ebs s\u00eb saj Ministrja Ko\u00e7iu. \u201cUniforma e punonj\u00ebsit t\u00eb policis\u00eb, \u2013 tha ajo \u2013 \u00ebsht\u00eb nj\u00eb uniform\u00eb e r\u00ebnd\u00eb, mbi t\u00eb cil\u00ebn peshojn\u00eb pritshm\u00ebrit\u00eb e qytetar\u00ebve p\u00ebr standarde m\u00eb t\u00eb larta sigurie n\u00eb \u00e7do sfer\u00eb t\u00eb jet\u00ebs. Sot b\u00ebheni pjes\u00eb e nj\u00eb force, q\u00eb k\u00ebrkon t\u00eb ec\u00eb p\u00ebrpara duke p\u00ebrmir\u00ebsuar sistemin e ndjekjes s\u00eb pasurive kriminale, forcimin e hetimeve shkencore, ngritjen e kapaciteteve kibernetike, p\u00ebrdorimin e teknologjive inteligjente n\u00eb terren e shum\u00eb sfida t\u00eb tjera\u201d.<\/p>\n<p>Duke n\u00ebnvizuar r\u00ebnd\u00ebsin\u00eb e bashk\u00ebpunimit t\u00eb punonj\u00ebsve t\u00eb policis\u00eb me komunitetin e qytetar\u00ebt, Ko\u00e7iu n\u00ebnvizoi se \u201cmisioni juaj mund t\u00eb realizohet vet\u00ebm n\u00eb bashk\u00ebpunim t\u00eb ngusht\u00eb me qytetar\u00ebt, prandaj n\u00eb k\u00ebt\u00eb detyr\u00eb uroj t\u00eb ecni p\u00ebrpara me forc\u00ebn e shembullit personal. Me shembull personal kam parasysh integritetin, respektin dhe p\u00ebrgjegj\u00ebsin\u00eb p\u00ebr detyr\u00ebn dhe imazhin tuaj\u201d.<\/p>\n<p>Ministrja solli n\u00eb v\u00ebmendje edhe besimin e publikut dhe institucioneve t\u00eb punonj\u00ebsit e policis\u00eb.<\/p>\n<p>\u201cDetyra q\u00eb keni marr\u00eb p\u00ebrsip\u00ebr, tha Ministrja \u2013 \u00ebsht\u00eb e v\u00ebshtir\u00eb dhe shum\u00eb sfiduese. Puna n\u00eb Policin\u00eb e Shtetit do t\u2019ju vendos\u00eb p\u00ebrpara sprovave dhe dilemave t\u00eb p\u00ebrditshm\u00ebris\u00eb, por mos harroni asnj\u00ebher\u00eb q\u00eb uniforma q\u00eb mbani sot, nuk p\u00ebrfaq\u00ebson thjesht\u00eb policin\u00eb, por \u00ebsht\u00eb nj\u00eb simbol i t\u00eb gjith\u00eb besimit, q\u00eb shteti dhe publiku ka vendosur mbi ju\u201d.<\/p>\n<p>N\u00eb fjal\u00ebn e saj, Ko\u00e7iu konfirmoi mb\u00ebshtetjen e qeveris\u00eb dhe institucioneve p\u00ebr trup\u00ebn e Policis\u00eb s\u00eb Shtetit.<\/p>\n<p>\u201cUn\u00eb ju garantoj q\u00eb mb\u00ebshtetja e Qeveris\u00eb shqiptare, e MPB, e DPPSH do t\u00eb jet\u00eb e pakursyer, e jasht\u00ebzakonshme, me q\u00ebllim q\u00eb ju t\u00eb dilni e p\u00ebrfaq\u00ebsoni me nder uniform\u00ebn q\u00eb mbani,\u201d tha Ministrja e Pun\u00ebve t\u00eb Brendshme.<\/p>\n<p>Drejtori i P\u00ebrgjithsh\u00ebm i Policis\u00eb s\u00eb Shtetit, Ilir Proda n\u00eb mesazhin drejtuar punonj\u00ebsve t\u00eb rinj, tha se qytetar\u00ebt presin nj\u00eb polici m\u00eb af\u00ebr tyre, m\u00eb njer\u00ebzore, m\u00eb profesionale dhe m\u00eb t\u00eb drejt\u00eb.<\/p>\n<p>\u201cOrganizata vet\u00eb pret q\u00eb p\u00ebrmes pun\u00ebs suaj t\u00eb p\u00ebrditshme t\u00eb forcohet akoma m\u00eb shum\u00eb besimi te Policia e Shtetit. N\u00eb \u00e7do situat\u00eb, busulla juaj \u00ebsht\u00eb ligji, jo zgjidhjet personale. Punoni me pasion dhe p\u00ebrul\u00ebsi. Respektoni hierarkin\u00eb, bashk\u00ebpunoni me koleg\u00ebt dhe mos harroni se \u00e7do veprim i juaji \u00ebsht\u00eb pasqyra e imazhit t\u00eb institucionit ton\u00eb\u201d, theksoi Proda.<\/p>\n<p>Kursi p\u00ebr oficer\u00eb t\u00eb Patrull\u00ebs s\u00eb P\u00ebrgjithshme, nisi n\u00eb janar 2025 dhe p\u00ebrfundoi tetor 2025. Prej grupit fillestar q\u00eb u regjistruan, 415 prej tyre p\u00ebrfunduan trajnimin dhe praktik\u00ebn n\u00ebp\u00ebr DVP n\u00eb rrethe, duke u certifikuar me sukses dit\u00ebn e sotme. Disa nga njohurit\u00eb profesionale q\u00eb p\u00ebrfshin ky trajnim disa mujor jan\u00eb \u201cPolicim i p\u00ebrgjithsh\u00ebm\u201d, \u201cTaktikat operacionale t\u00eb nd\u00ebrhyrjes\u201d, \u201cNjohja dhe p\u00ebrdorimi i arm\u00ebve t\u00eb zjarrit\u201d, \u201cKufiri dhe Migracioni\u2019, \u201cQarkullimi rrugor\u201d duke zhvilluar metodologji n\u00eb sfida fizike, testime teorike dhe po ashtu situata praktike p\u00ebr kursant\u00ebt. N\u00eb p\u00ebrzgjedhjen e kandidat\u00ebve jan\u00eb mbajtur parasysh edhe disa kritere gjinore duke treguar kujdes t\u00eb ket\u00eb nj\u00eb num\u00ebr sa m\u00eb t\u00eb madh femrash. Ky \u00ebsht\u00eb kursi i 20-t\u00eb i student\u00ebve q\u00eb certifikohen nga Akademia e Siguris\u00eb, e cila \u00ebsht\u00eb nj\u00eb institucion i arsimit t\u00eb lart\u00eb i akredituar.<\/p>\n<p>The post <a href=\"https:\/\/gijotina.com\/415-te-rinj-nisin-zyrtarisht-rrugen-ne-policine-e-shtetit-kociuuniforma-eshte-pergjegjesi-jo-privilegj\/\">415 t\u00eb rinj nisin zyrtarisht rrug\u00ebn n\u00eb Policin\u00eb e Shtetit, Ko\u00e7iu:\u201dUniforma \u00ebsht\u00eb p\u00ebrgjegj\u00ebsi, jo privilegj\u201d<\/a> appeared first on <a href=\"https:\/\/gijotina.com\/\">GIJOTINA<\/a>.<\/p>","protected":false},"excerpt":{"rendered":"<p>Ministrja e Pun\u00ebve t\u00eb Brendshme Albana Ko\u00e7iu p\u00ebrg\u00ebzoi 415 student\u00ebt e Akademis\u00eb s\u00eb Siguris\u00eb pas p\u00ebrfundimit me sukses t\u00eb kursit \u201cPatrull\u00eb e P\u00ebrgjithshme\u201d. N\u00eb ceremonin\u00eb e betimit dhe certifikimit mor\u00ebn pjes\u00eb drejtuesit m\u00eb t\u00eb lart\u00eb t\u00eb Policis\u00eb s\u00eb Shtetit, Akademis\u00eb s\u00eb Siguris\u00eb, drejtues t\u00eb programeve t\u00eb huaja t\u00eb asistenc\u00ebs, student\u00eb e familjar\u00eb. Ministrja Ko\u00e7iu u [&hellip;]<\/p>\n","protected":false},"author":0,"featured_media":0,"comment_status":"open","ping_status":"open","sticky":false,"template":"","format":"standard","meta":{"footnotes":""},"categories":[1],"tags":[],"class_list":["post-46146","post","type-post","status-publish","format-standard","hentry","category-uncategorized"],"_links":{"self":[{"href":"https:\/\/zennihost.com\/test\/wp-json\/wp\/v2\/posts\/46146","targetHints":{"allow":["GET"]}}],"collection":[{"href":"https:\/\/zennihost.com\/test\/wp-json\/wp\/v2\/posts"}],"about":[{"href":"https:\/\/zennihost.com\/test\/wp-json\/wp\/v2\/types\/post"}],"replies":[{"embeddable":true,"href":"https:\/\/zennihost.com\/test\/wp-json\/wp\/v2\/comments?post=46146"}],"version-history":[{"count":0,"href":"https:\/\/zennihost.com\/test\/wp-json\/wp\/v2\/posts\/46146\/revisions"}],"wp:attachment":[{"href":"https:\/\/zennihost.com\/test\/wp-json\/wp\/v2\/media?parent=46146"}],"wp:term":[{"taxonomy":"category","embeddable":true,"href":"https:\/\/zennihost.com\/test\/wp-json\/wp\/v2\/categories?post=46146"},{"taxonomy":"post_tag","embeddable":true,"href":"https:\/\/zennihost.com\/test\/wp-json\/wp\/v2\/tags?post=46146"}],"curies":[{"name":"wp","href":"https:\/\/api.w.org\/{rel}","templated":true}]}}