{"id":46145,"date":"2025-10-13T14:48:14","date_gmt":"2025-10-13T14:48:14","guid":{"rendered":"https:\/\/zennihost.com\/test\/2025\/10\/13\/blic-i-policise-ne-elbasan-ne-pranga-disa-eksponente-te-njohur-te-krimit\/"},"modified":"2025-10-13T14:48:14","modified_gmt":"2025-10-13T14:48:14","slug":"blic-i-policise-ne-elbasan-ne-pranga-disa-eksponente-te-njohur-te-krimit","status":"publish","type":"post","link":"https:\/\/zennihost.com\/test\/2025\/10\/13\/blic-i-policise-ne-elbasan-ne-pranga-disa-eksponente-te-njohur-te-krimit\/","title":{"rendered":"\u201cBlic\u201d i policis\u00eb n\u00eb Elbasan, n\u00eb pranga disa eksponent\u00eb t\u00eb njohur t\u00eb krimit"},"content":{"rendered":"<p>Nj\u00eb operacion i befasish\u00ebm i policis\u00eb \u00ebsht\u00eb zhvilluar gjat\u00eb mesdit\u00ebs s\u00eb sotme n\u00eb Elbasan, duke \u00e7uar n\u00eb arrestimin e t\u00eb pakt\u00ebn dy personave t\u00eb njohur si pjes\u00eb e bot\u00ebs s\u00eb krimit. Burime b\u00ebjn\u00eb me dije se operacioni \u00ebsht\u00eb zhvilluar rreth or\u00ebs 15:30 n\u00eb nj\u00eb prej lokaleve t\u00eb njohura p\u00ebrgjat\u00eb aksit rrugor Elbasan \u2013 Ish-Metalurgjia, n\u00eb fshatin Katund i Ri.<\/p>\n<p>Forcat e rendit te mb\u00ebshtetur nga forca te tjera policore kan\u00eb nd\u00ebrmarr\u00eb nj\u00eb aksion t\u00eb mir\u00eborganizuar, duke rrethuar fillimisht t\u00eb gjith\u00eb zon\u00ebn p\u00ebrreth lokalit, p\u00ebrpara se t\u00eb nd\u00ebrhynin brenda n\u00eb ambientet e restorantit ku dyshohej se ndodheshin eksponent\u00ebt kriminal\u00eb. Informacionet e marra n\u00eb rrug\u00eb operative \u00e7uan n\u00eb nd\u00ebrhyrjen e menj\u00ebhershme t\u00eb forcave speciale, t\u00eb cilat kan\u00eb neutralizuar dhe arrestuar disa persona t\u00eb dyshuar.<\/p>\n<p>Operacioni \u00ebsht\u00eb cil\u00ebsuar si nj\u00eb nga m\u00eb t\u00eb r\u00ebnd\u00ebsishmit e zhvilluar koh\u00ebt e fundit n\u00eb Elbasan, nj\u00eb qytet q\u00eb prej vitesh p\u00ebrballet me prani t\u00eb lart\u00eb t\u00eb grupeve kriminale. Deri m\u00eb tani, autoritetet nuk kan\u00eb dh\u00ebn\u00eb detaje zyrtare mbi identitetin e t\u00eb arrestuarve apo akuzat konkrete ndaj tyre, nd\u00ebrsa pritet q\u00eb n\u00eb or\u00ebt n\u00eb vijim Policia e Shtetit t\u00eb dal\u00eb me nj\u00eb njoftim zyrtar.<\/p>\n<p><strong>gijotina.com\/<\/strong><\/p>\n<p>The post <a href=\"https:\/\/gijotina.com\/blic-i-policise-ne-elbasan-ne-pranga-disa-eksponente-te-njohur-te-krimit\/\">\u201cBlic\u201d i policis\u00eb n\u00eb Elbasan, n\u00eb pranga disa eksponent\u00eb t\u00eb njohur t\u00eb krimit<\/a> appeared first on <a href=\"https:\/\/gijotina.com\/\">GIJOTINA<\/a>.<\/p>","protected":false},"excerpt":{"rendered":"<p>Nj\u00eb operacion i befasish\u00ebm i policis\u00eb \u00ebsht\u00eb zhvilluar gjat\u00eb mesdit\u00ebs s\u00eb sotme n\u00eb Elbasan, duke \u00e7uar n\u00eb arrestimin e t\u00eb pakt\u00ebn dy personave t\u00eb njohur si pjes\u00eb e bot\u00ebs s\u00eb krimit. Burime b\u00ebjn\u00eb me dije se operacioni \u00ebsht\u00eb zhvilluar rreth or\u00ebs 15:30 n\u00eb nj\u00eb prej lokaleve t\u00eb njohura p\u00ebrgjat\u00eb aksit rrugor Elbasan \u2013 Ish-Metalurgjia, n\u00eb [&hellip;]<\/p>\n","protected":false},"author":0,"featured_media":0,"comment_status":"open","ping_status":"open","sticky":false,"template":"","format":"standard","meta":{"footnotes":""},"categories":[1],"tags":[],"class_list":["post-46145","post","type-post","status-publish","format-standard","hentry","category-uncategorized"],"_links":{"self":[{"href":"https:\/\/zennihost.com\/test\/wp-json\/wp\/v2\/posts\/46145","targetHints":{"allow":["GET"]}}],"collection":[{"href":"https:\/\/zennihost.com\/test\/wp-json\/wp\/v2\/posts"}],"about":[{"href":"https:\/\/zennihost.com\/test\/wp-json\/wp\/v2\/types\/post"}],"replies":[{"embeddable":true,"href":"https:\/\/zennihost.com\/test\/wp-json\/wp\/v2\/comments?post=46145"}],"version-history":[{"count":0,"href":"https:\/\/zennihost.com\/test\/wp-json\/wp\/v2\/posts\/46145\/revisions"}],"wp:attachment":[{"href":"https:\/\/zennihost.com\/test\/wp-json\/wp\/v2\/media?parent=46145"}],"wp:term":[{"taxonomy":"category","embeddable":true,"href":"https:\/\/zennihost.com\/test\/wp-json\/wp\/v2\/categories?post=46145"},{"taxonomy":"post_tag","embeddable":true,"href":"https:\/\/zennihost.com\/test\/wp-json\/wp\/v2\/tags?post=46145"}],"curies":[{"name":"wp","href":"https:\/\/api.w.org\/{rel}","templated":true}]}}