{"id":46144,"date":"2025-10-13T14:48:14","date_gmt":"2025-10-13T14:48:14","guid":{"rendered":"https:\/\/zennihost.com\/test\/2025\/10\/13\/zjarr-masiv-ne-peqin-flaket-perfshijne-siperfaqen-e-madhe-me-peme\/"},"modified":"2025-10-13T14:48:14","modified_gmt":"2025-10-13T14:48:14","slug":"zjarr-masiv-ne-peqin-flaket-perfshijne-siperfaqen-e-madhe-me-peme","status":"publish","type":"post","link":"https:\/\/zennihost.com\/test\/2025\/10\/13\/zjarr-masiv-ne-peqin-flaket-perfshijne-siperfaqen-e-madhe-me-peme\/","title":{"rendered":"Zjarr masiv n\u00eb Peqin, flak\u00ebt p\u00ebrfshijn\u00eb sip\u00ebrfaqen e madhe me pem\u00eb"},"content":{"rendered":"<p>Nj\u00eb zjarr me p\u00ebrmasa t\u00eb m\u00ebdha ka p\u00ebrfshir\u00eb pasditen e sotme fshatin Fatisht, n\u00eb territorin e bashkis\u00eb Peqin. Flak\u00ebt jan\u00eb p\u00ebrhapur me shpejt\u00ebsi duke rrezikuar nj\u00eb sip\u00ebrfaqe t\u00eb konsiderueshme toke me pemtari dhe banesa n\u00eb af\u00ebrsi.<\/p>\n<p>Sipas raportimeve paraprake, zjarri ka nisur n\u00eb nj\u00eb zon\u00eb me bim\u00ebsi t\u00eb dendur dhe p\u00ebr shkak t\u00eb er\u00ebs dhe temperaturave t\u00eb larta, p\u00ebrhapja ka qen\u00eb e menj\u00ebhershme. Banor\u00ebt jan\u00eb alarmuar dhe kan\u00eb njoftuar menj\u00ebher\u00eb sh\u00ebrbimet zjarrfik\u00ebse, t\u00eb cilat ndodhen aktualisht n\u00eb terren duke punuar p\u00ebr v\u00ebnien n\u00ebn kontroll t\u00eb flak\u00ebve.<\/p>\n<p>P\u00ebr momentin, nuk raportohet p\u00ebr persona t\u00eb l\u00ebnduar, por d\u00ebmet materiale pritet t\u00eb jen\u00eb t\u00eb konsiderueshme. N\u00eb ndihm\u00eb t\u00eb zjarrfik\u00ebsve lokal\u00eb jan\u00eb angazhuar edhe forca shtes\u00eb nga bashki t\u00eb tjera, nd\u00ebrsa policia ka nisur hetimet p\u00ebr t\u00eb zbuluar shkaqet e zjarrit, q\u00eb ende mbeten t\u00eb paqarta.<\/p>\n<p><strong>gijotina.com\/<\/strong><\/p>\n<p>The post <a href=\"https:\/\/gijotina.com\/zjarr-masiv-ne-peqin-flaket-perfshijne-siperfaqen-e-madhe-me-peme\/\">Zjarr masiv n\u00eb Peqin, flak\u00ebt p\u00ebrfshijn\u00eb sip\u00ebrfaqen e madhe me pem\u00eb<\/a> appeared first on <a href=\"https:\/\/gijotina.com\/\">GIJOTINA<\/a>.<\/p>","protected":false},"excerpt":{"rendered":"<p>Nj\u00eb zjarr me p\u00ebrmasa t\u00eb m\u00ebdha ka p\u00ebrfshir\u00eb pasditen e sotme fshatin Fatisht, n\u00eb territorin e bashkis\u00eb Peqin. Flak\u00ebt jan\u00eb p\u00ebrhapur me shpejt\u00ebsi duke rrezikuar nj\u00eb sip\u00ebrfaqe t\u00eb konsiderueshme toke me pemtari dhe banesa n\u00eb af\u00ebrsi. Sipas raportimeve paraprake, zjarri ka nisur n\u00eb nj\u00eb zon\u00eb me bim\u00ebsi t\u00eb dendur dhe p\u00ebr shkak t\u00eb er\u00ebs dhe [&hellip;]<\/p>\n","protected":false},"author":0,"featured_media":0,"comment_status":"open","ping_status":"open","sticky":false,"template":"","format":"standard","meta":{"footnotes":""},"categories":[1],"tags":[],"class_list":["post-46144","post","type-post","status-publish","format-standard","hentry","category-uncategorized"],"_links":{"self":[{"href":"https:\/\/zennihost.com\/test\/wp-json\/wp\/v2\/posts\/46144","targetHints":{"allow":["GET"]}}],"collection":[{"href":"https:\/\/zennihost.com\/test\/wp-json\/wp\/v2\/posts"}],"about":[{"href":"https:\/\/zennihost.com\/test\/wp-json\/wp\/v2\/types\/post"}],"replies":[{"embeddable":true,"href":"https:\/\/zennihost.com\/test\/wp-json\/wp\/v2\/comments?post=46144"}],"version-history":[{"count":0,"href":"https:\/\/zennihost.com\/test\/wp-json\/wp\/v2\/posts\/46144\/revisions"}],"wp:attachment":[{"href":"https:\/\/zennihost.com\/test\/wp-json\/wp\/v2\/media?parent=46144"}],"wp:term":[{"taxonomy":"category","embeddable":true,"href":"https:\/\/zennihost.com\/test\/wp-json\/wp\/v2\/categories?post=46144"},{"taxonomy":"post_tag","embeddable":true,"href":"https:\/\/zennihost.com\/test\/wp-json\/wp\/v2\/tags?post=46144"}],"curies":[{"name":"wp","href":"https:\/\/api.w.org\/{rel}","templated":true}]}}