{"id":46143,"date":"2025-10-13T14:48:13","date_gmt":"2025-10-13T14:48:13","guid":{"rendered":"https:\/\/zennihost.com\/test\/2025\/10\/13\/armepushimi-trump-ne-parlamentin-izraelit-jo-vetem-fundi-i-nje-lufte-por-fundi-i-nje-epoke-terrori\/"},"modified":"2025-10-13T14:48:13","modified_gmt":"2025-10-13T14:48:13","slug":"armepushimi-trump-ne-parlamentin-izraelit-jo-vetem-fundi-i-nje-lufte-por-fundi-i-nje-epoke-terrori","status":"publish","type":"post","link":"https:\/\/zennihost.com\/test\/2025\/10\/13\/armepushimi-trump-ne-parlamentin-izraelit-jo-vetem-fundi-i-nje-lufte-por-fundi-i-nje-epoke-terrori\/","title":{"rendered":"Arm\u00ebpushimi \u2013 Trump n\u00eb parlamentin izraelit: Jo vet\u00ebm fundi i nj\u00eb lufte, por fundi i nj\u00eb epoke terrori"},"content":{"rendered":"<p>Kryeministri izraelit, Benjamin Netanyahu e hapi fjalimin e tij n\u00eb Knesset n\u00eb hebraisht duke fal\u00ebnderuar personalisht Presidentin e SHBA-s\u00eb Donald Trump dhe duke shprehur entuziaz\u00ebm p\u00ebr kthimin e pengjeve t\u00eb fundit t\u00eb gjall\u00eb.<\/p>\n<p>Ai u drejtua presidentit amerikan me deklarat\u00ebn q\u00eb \u201c<em>do t\u00eb gjesh vendin t\u00ebnd n\u00eb historin\u00eb e kombit ton\u00eb, ashtu si\u00e7 je i gdhendur n\u00eb historin\u00eb e bot\u00ebs.\u201d<\/em><\/p>\n<p>\u201c<em>Sa gjat\u00eb kemi pritur p\u00ebr k\u00ebt\u00eb moment\u2026 Dhe dua t\u2019ju fal\u00ebnderoj personalisht, n\u00eb em\u00ebr t\u00eb t\u00eb gjith\u00eb kombit.Faleminderit shum\u00eb, z. President<\/em>\u201c, tha Netanyahu.<\/p>\n<p>Ai e p\u00ebrshkroi Donald Trumpin si mikun m\u00eb t\u00eb madh q\u00eb shteti i Izraelit ka pasur dhe ka n\u00eb Sht\u00ebpin\u00eb e Bardh\u00eb.<\/p>\n<p><em>\u201cAskush nuk ka b\u00ebr\u00eb as edhe nj\u00eb pjes\u00eb t\u00eb vog\u00ebl t\u00eb asaj q\u00eb ka b\u00ebr\u00eb Donald Trump\u201d, tha Benjamin Netanyahu, duke theksuar se propozimi i tij p\u00ebr paqe hap der\u00ebn p\u00ebr zgjerimin e paqes. \u201cZ. President, ju jeni i p\u00ebrkushtuar ndaj k\u00ebsaj paqeje. Un\u00eb jam i p\u00ebrkushtuar ndaj k\u00ebsaj paqeje. Dhe s\u00eb bashku, z. President, ne do ta arrijm\u00eb k\u00ebt\u00eb paqe<\/em>\u201d, vazhdoi udh\u00ebheq\u00ebsi izraelit.<\/p>\n<p>N\u00eb fjalimin e tij, presidenti amerikan, Donald Trump nga foltorja e Knessetit, e konsideroi dit\u00ebn e sotme si dit\u00eb feste, referuar arm\u00ebpushimit dhe shk\u00ebmbimit t\u00eb pengjeve Hamas \u2013Izrael. Presidenti amerikan tha se sot nuk sh\u00ebnohet vet\u00ebm fundi i nj\u00eb lufte, por fundi i nj\u00eb epoke terrori dhe vdekjeje dhe fillimi i nj\u00eb epoke besimi dhe shprese.<\/p>\n<p><em>\u201cPas kaq shum\u00eb vitesh lufte t\u00eb pafundme dhe rreziku t\u00eb pafund, sot qielli \u00ebsht\u00eb i qet\u00eb, arm\u00ebt jan\u00eb t\u00eb heshtura dhe sirenat nuk d\u00ebgjohen. Nuk \u00ebsht\u00eb vet\u00ebm fundi i nj\u00eb lufte, \u00ebsht\u00eb gjithashtu fundi i nj\u00eb epoke terrori dhe vdekjeje dhe fillimi i nj\u00eb epoke besimi dhe shprese. Shpreh mir\u00ebnjohjen time p\u00ebr nj\u00eb mik, Kryeministrin Netanyahu<\/em>\u201c, tha gjithashtu presidenti amerikan, duke e p\u00ebrshkruar kryeministrin izraelit si \u201ct\u00eb v\u00ebshtir\u00eb\u201d p\u00ebr t\u00eb negociuar. \u201c<em>Por kjo \u00ebsht\u00eb ajo q\u00eb e b\u00ebn at\u00eb t\u00eb madh,<\/em>\u201d vazhdoi Donald Trump.<\/p>\n<p><em>\u201cNe kemi njer\u00ebz t\u00eb talentuar q\u00eb punojn\u00eb me ne dhe ne jemi njer\u00ebz q\u00eb e duam vendin tuaj dhe rajonin, Lindjen e Mesme\u201d<\/em>, tha presidenti amerikan, duke theksuar se gjith\u00e7ka po fillon t\u00eb ndryshoj\u00eb p\u00ebr mir\u00eb q\u00eb nga ky moment e tutje.<\/p>\n<p>\u201c<em>Pengjet jan\u00eb kthyer, \u00ebsht\u00eb shum\u00eb mir\u00eb ta thuash k\u00ebt\u00eb\u201d, tha gjithashtu Donald Trump,\u00a0<\/em>duke th\u00ebn\u00eb se ai tani i ka dh\u00ebn\u00eb fund tet\u00eb luft\u00ebrave, p\u00ebrfshir\u00eb at\u00eb n\u00eb Lindjen e Mesme<em>. \u201cDua t\u2019i ndal luft\u00ebrat. Paqe p\u00ebrmes forc\u00ebs<\/em>\u201c, tha presidenti amerikan.<\/p>\n<p>Hamasi\u00a0liroi k\u00ebt\u00eb t\u00eb h\u00ebn\u00eb 20 pengjet izraelite\u00a0n\u00eb Gaza. N\u00eb fillim u liruan 7 pengje dhe m\u00eb pas grupi i dyt\u00eb prej 13 pengjesh t\u00eb cil\u00ebt iu dor\u00ebzuan Kryqit t\u00eb Kuq.<\/p>\n<p>N\u00eb k\u00ebmbim t\u00eb pengjeve, Izraeli po liron 250 t\u00eb burgosur palestinez\u00eb dhe m\u00eb shum\u00eb se 1,700 t\u00eb ndaluar \u2013 grupet e para kan\u00eb filluar t\u00eb mb\u00ebrrijn\u00eb n\u00eb Ramallah n\u00eb Bregun Per\u00ebndimor dhe Gaz\u00ebn e pushtuar.<\/p>\n<p>The post <a href=\"https:\/\/gijotina.com\/armepushimi-trump-ne-parlamentin-izraelit-jo-vetem-fundi-i-nje-lufte-por-fundi-i-nje-epoke-terrori\/\">Arm\u00ebpushimi \u2013 Trump n\u00eb parlamentin izraelit: Jo vet\u00ebm fundi i nj\u00eb lufte, por fundi i nj\u00eb epoke terrori<\/a> appeared first on <a href=\"https:\/\/gijotina.com\/\">GIJOTINA<\/a>.<\/p>","protected":false},"excerpt":{"rendered":"<p>Kryeministri izraelit, Benjamin Netanyahu e hapi fjalimin e tij n\u00eb Knesset n\u00eb hebraisht duke fal\u00ebnderuar personalisht Presidentin e SHBA-s\u00eb Donald Trump dhe duke shprehur entuziaz\u00ebm p\u00ebr kthimin e pengjeve t\u00eb fundit t\u00eb gjall\u00eb. Ai u drejtua presidentit amerikan me deklarat\u00ebn q\u00eb \u201cdo t\u00eb gjesh vendin t\u00ebnd n\u00eb historin\u00eb e kombit ton\u00eb, ashtu si\u00e7 je i [&hellip;]<\/p>\n","protected":false},"author":0,"featured_media":0,"comment_status":"open","ping_status":"open","sticky":false,"template":"","format":"standard","meta":{"footnotes":""},"categories":[1],"tags":[],"class_list":["post-46143","post","type-post","status-publish","format-standard","hentry","category-uncategorized"],"_links":{"self":[{"href":"https:\/\/zennihost.com\/test\/wp-json\/wp\/v2\/posts\/46143","targetHints":{"allow":["GET"]}}],"collection":[{"href":"https:\/\/zennihost.com\/test\/wp-json\/wp\/v2\/posts"}],"about":[{"href":"https:\/\/zennihost.com\/test\/wp-json\/wp\/v2\/types\/post"}],"replies":[{"embeddable":true,"href":"https:\/\/zennihost.com\/test\/wp-json\/wp\/v2\/comments?post=46143"}],"version-history":[{"count":0,"href":"https:\/\/zennihost.com\/test\/wp-json\/wp\/v2\/posts\/46143\/revisions"}],"wp:attachment":[{"href":"https:\/\/zennihost.com\/test\/wp-json\/wp\/v2\/media?parent=46143"}],"wp:term":[{"taxonomy":"category","embeddable":true,"href":"https:\/\/zennihost.com\/test\/wp-json\/wp\/v2\/categories?post=46143"},{"taxonomy":"post_tag","embeddable":true,"href":"https:\/\/zennihost.com\/test\/wp-json\/wp\/v2\/tags?post=46143"}],"curies":[{"name":"wp","href":"https:\/\/api.w.org\/{rel}","templated":true}]}}