{"id":46141,"date":"2025-10-13T14:48:13","date_gmt":"2025-10-13T14:48:13","guid":{"rendered":"https:\/\/zennihost.com\/test\/2025\/10\/13\/para-miqesores-me-jordanine-daku-ta-kthejme-ne-feste-fitoren-kunder-serbise\/"},"modified":"2025-10-13T14:48:13","modified_gmt":"2025-10-13T14:48:13","slug":"para-miqesores-me-jordanine-daku-ta-kthejme-ne-feste-fitoren-kunder-serbise","status":"publish","type":"post","link":"https:\/\/zennihost.com\/test\/2025\/10\/13\/para-miqesores-me-jordanine-daku-ta-kthejme-ne-feste-fitoren-kunder-serbise\/","title":{"rendered":"Para miq\u00ebsores me Jordanin\u00eb, Daku: Ta kthejm\u00eb n\u00eb fest\u00eb fitoren kund\u00ebr Serbis\u00eb"},"content":{"rendered":"<p>Pas fitores ndaj Serbis\u00eb, Shqip\u00ebria rikthehet n\u00eb fush\u00eb, teksa t\u00eb mart\u00ebn do luaj\u00eb n\u00eb miq\u00ebsore ndaj Jordanis\u00eb. Sulmuesi i komb\u00ebtares, Mirlind Daku k\u00ebrkoi q\u00eb k\u00ebt\u00eb sfid\u00eb, ta kthejm\u00eb n\u00eb fest\u00eb.<\/p>\n<p>\u201cJu presim t\u00eb mart\u00ebn n\u00eb stadiumin \u2018Air Albania\u201d, ku do t\u00eb luajm\u00eb ndaj Jordanis\u00eb. Meq\u00eb nuk pat\u00ebm mund\u00ebsi q\u00eb t\u00eb takoheshim me t\u00eb gjith\u00eb ju pas ndeshjes me Serbin\u00eb, pas asaj fitoreje madh\u00ebshtore, ju presim tani n\u00eb ndeshjen me Jordanin\u00eb dhe pastaj t\u00eb festojm\u00eb at\u00eb fitore historike q\u00eb e pat\u00ebm.<\/p>\n<p>Faleminderit p\u00ebr p\u00ebrkrahjen dhe vazhdoni ta doni komb\u00ebtaren\u201d, u shpreh Daku t\u00eb h\u00ebn\u00ebn p\u00ebr faqen zyrtare t\u00eb FSHF-s\u00eb.<\/p>\n<p><strong>gijotina.com\/<\/strong><\/p>\n<p>The post <a href=\"https:\/\/gijotina.com\/para-miqesores-me-jordanine-daku-ta-kthejme-ne-feste-fitoren-kunder-serbise\/\">Para miq\u00ebsores me Jordanin\u00eb, Daku: Ta kthejm\u00eb n\u00eb fest\u00eb fitoren kund\u00ebr Serbis\u00eb<\/a> appeared first on <a href=\"https:\/\/gijotina.com\/\">GIJOTINA<\/a>.<\/p>","protected":false},"excerpt":{"rendered":"<p>Pas fitores ndaj Serbis\u00eb, Shqip\u00ebria rikthehet n\u00eb fush\u00eb, teksa t\u00eb mart\u00ebn do luaj\u00eb n\u00eb miq\u00ebsore ndaj Jordanis\u00eb. Sulmuesi i komb\u00ebtares, Mirlind Daku k\u00ebrkoi q\u00eb k\u00ebt\u00eb sfid\u00eb, ta kthejm\u00eb n\u00eb fest\u00eb. \u201cJu presim t\u00eb mart\u00ebn n\u00eb stadiumin \u2018Air Albania\u201d, ku do t\u00eb luajm\u00eb ndaj Jordanis\u00eb. Meq\u00eb nuk pat\u00ebm mund\u00ebsi q\u00eb t\u00eb takoheshim me t\u00eb gjith\u00eb ju [&hellip;]<\/p>\n","protected":false},"author":0,"featured_media":0,"comment_status":"open","ping_status":"open","sticky":false,"template":"","format":"standard","meta":{"footnotes":""},"categories":[1],"tags":[],"class_list":["post-46141","post","type-post","status-publish","format-standard","hentry","category-uncategorized"],"_links":{"self":[{"href":"https:\/\/zennihost.com\/test\/wp-json\/wp\/v2\/posts\/46141","targetHints":{"allow":["GET"]}}],"collection":[{"href":"https:\/\/zennihost.com\/test\/wp-json\/wp\/v2\/posts"}],"about":[{"href":"https:\/\/zennihost.com\/test\/wp-json\/wp\/v2\/types\/post"}],"replies":[{"embeddable":true,"href":"https:\/\/zennihost.com\/test\/wp-json\/wp\/v2\/comments?post=46141"}],"version-history":[{"count":0,"href":"https:\/\/zennihost.com\/test\/wp-json\/wp\/v2\/posts\/46141\/revisions"}],"wp:attachment":[{"href":"https:\/\/zennihost.com\/test\/wp-json\/wp\/v2\/media?parent=46141"}],"wp:term":[{"taxonomy":"category","embeddable":true,"href":"https:\/\/zennihost.com\/test\/wp-json\/wp\/v2\/categories?post=46141"},{"taxonomy":"post_tag","embeddable":true,"href":"https:\/\/zennihost.com\/test\/wp-json\/wp\/v2\/tags?post=46141"}],"curies":[{"name":"wp","href":"https:\/\/api.w.org\/{rel}","templated":true}]}}