{"id":46135,"date":"2025-10-13T13:48:15","date_gmt":"2025-10-13T13:48:15","guid":{"rendered":"https:\/\/zennihost.com\/test\/2025\/10\/13\/copetohet-serbia-pas-humbjes-me-shqiperine-pas-trajnerit-ikin-edhe-5-lojtare\/"},"modified":"2025-10-13T13:48:15","modified_gmt":"2025-10-13T13:48:15","slug":"copetohet-serbia-pas-humbjes-me-shqiperine-pas-trajnerit-ikin-edhe-5-lojtare","status":"publish","type":"post","link":"https:\/\/zennihost.com\/test\/2025\/10\/13\/copetohet-serbia-pas-humbjes-me-shqiperine-pas-trajnerit-ikin-edhe-5-lojtare\/","title":{"rendered":"\u2018Cop\u00ebtohet\u2019 Serbia pas humbjes me Shqip\u00ebrin\u00eb, pas trajnerit ikin edhe 5 lojtar\u00eb"},"content":{"rendered":"<p>Pas humbjes ndaj Shqip\u00ebris\u00eb n\u00eb Leskovc, Komb\u00ebtarja e Serbis\u00eb ka p\u00ebsuar nj\u00eb goditje t\u00eb r\u00ebnd\u00eb n\u00eb rrug\u00ebn drejt kualifikimit p\u00ebr Kup\u00ebn e Bot\u00ebs.<\/p>\n<p>Disfata nga kuqezinjt\u00eb jo vet\u00ebm q\u00eb uli ndjesh\u00ebm shpresat p\u00ebr nj\u00eb vend n\u00eb Bot\u00ebror, por solli edhe dor\u00ebheqjen e trajnerit Dragan Stojkovi\u00e7..<\/p>\n<p>P\u00ebrballja e radh\u00ebs e Serbis\u00eb do t\u00eb jet\u00eb kund\u00ebr Andorr\u00ebs, ku p\u00ebr shkak t\u00eb situat\u00ebs aktuale, priten ndryshime t\u00eb shumta n\u00eb formacion. Skuadra do t\u00eb drejtohet p\u00ebrkoh\u00ebsisht nga Zoran Bata Mirkovi\u00e7, nd\u00ebrsa pes\u00eb lojtar\u00eb ky\u00e7 nuk do t\u00eb jen\u00eb t\u00eb gatsh\u00ebm p\u00ebr k\u00ebt\u00eb ndeshje.<\/p>\n<p>Nikola Milenkovi\u00e7, Andrija Zivkovi\u00e7, Predrag Rajkovi\u00e7, Luka Jovi\u00e7 dhe Dragan Rosi\u00e7 jan\u00eb jasht\u00eb list\u00ebs p\u00ebr shkak t\u00eb lodhjes dhe d\u00ebmtimeve. N\u00eb vend t\u00eb tyre, jan\u00eb ftuar Luka Lijeski\u00e7 nga Radni\u010dki 1923, Vuk Drashkovi\u00e7 nga Crvena Zvezda dhe Mihajlo Cvetkovi\u00e7 nga Anderlecht.<\/p>\n<p>Serbia pritet t\u00eb paraqitet me nj\u00eb formacion t\u00eb dob\u00ebsuar ndaj Andorr\u00ebs, nd\u00ebrkoh\u00eb q\u00eb atmosfera n\u00eb kampin serb mbetet e r\u00ebnduar pas rezultateve t\u00eb fundit dhe pasiguris\u00eb p\u00ebr t\u00eb ardhmen.<\/p>\n<p>The post <a href=\"https:\/\/gijotina.com\/copetohet-serbia-pas-humbjes-me-shqiperine-pas-trajnerit-ikin-edhe-5-lojtare\/\">\u2018Cop\u00ebtohet\u2019 Serbia pas humbjes me Shqip\u00ebrin\u00eb, pas trajnerit ikin edhe 5 lojtar\u00eb<\/a> appeared first on <a href=\"https:\/\/gijotina.com\/\">GIJOTINA<\/a>.<\/p>","protected":false},"excerpt":{"rendered":"<p>Pas humbjes ndaj Shqip\u00ebris\u00eb n\u00eb Leskovc, Komb\u00ebtarja e Serbis\u00eb ka p\u00ebsuar nj\u00eb goditje t\u00eb r\u00ebnd\u00eb n\u00eb rrug\u00ebn drejt kualifikimit p\u00ebr Kup\u00ebn e Bot\u00ebs. Disfata nga kuqezinjt\u00eb jo vet\u00ebm q\u00eb uli ndjesh\u00ebm shpresat p\u00ebr nj\u00eb vend n\u00eb Bot\u00ebror, por solli edhe dor\u00ebheqjen e trajnerit Dragan Stojkovi\u00e7.. P\u00ebrballja e radh\u00ebs e Serbis\u00eb do t\u00eb jet\u00eb kund\u00ebr Andorr\u00ebs, [&hellip;]<\/p>\n","protected":false},"author":0,"featured_media":0,"comment_status":"open","ping_status":"open","sticky":false,"template":"","format":"standard","meta":{"footnotes":""},"categories":[1],"tags":[],"class_list":["post-46135","post","type-post","status-publish","format-standard","hentry","category-uncategorized"],"_links":{"self":[{"href":"https:\/\/zennihost.com\/test\/wp-json\/wp\/v2\/posts\/46135","targetHints":{"allow":["GET"]}}],"collection":[{"href":"https:\/\/zennihost.com\/test\/wp-json\/wp\/v2\/posts"}],"about":[{"href":"https:\/\/zennihost.com\/test\/wp-json\/wp\/v2\/types\/post"}],"replies":[{"embeddable":true,"href":"https:\/\/zennihost.com\/test\/wp-json\/wp\/v2\/comments?post=46135"}],"version-history":[{"count":0,"href":"https:\/\/zennihost.com\/test\/wp-json\/wp\/v2\/posts\/46135\/revisions"}],"wp:attachment":[{"href":"https:\/\/zennihost.com\/test\/wp-json\/wp\/v2\/media?parent=46135"}],"wp:term":[{"taxonomy":"category","embeddable":true,"href":"https:\/\/zennihost.com\/test\/wp-json\/wp\/v2\/categories?post=46135"},{"taxonomy":"post_tag","embeddable":true,"href":"https:\/\/zennihost.com\/test\/wp-json\/wp\/v2\/tags?post=46135"}],"curies":[{"name":"wp","href":"https:\/\/api.w.org\/{rel}","templated":true}]}}