{"id":46132,"date":"2025-10-13T13:48:15","date_gmt":"2025-10-13T13:48:15","guid":{"rendered":"https:\/\/zennihost.com\/test\/2025\/10\/13\/blushi-zbraz-akuzat-ndaj-metanit-pse-hesht-ild-per-gjyqtaret-problematike-dhe-aferen-e-inceneratoreve\/"},"modified":"2025-10-13T13:48:15","modified_gmt":"2025-10-13T13:48:15","slug":"blushi-zbraz-akuzat-ndaj-metanit-pse-hesht-ild-per-gjyqtaret-problematike-dhe-aferen-e-inceneratoreve","status":"publish","type":"post","link":"https:\/\/zennihost.com\/test\/2025\/10\/13\/blushi-zbraz-akuzat-ndaj-metanit-pse-hesht-ild-per-gjyqtaret-problematike-dhe-aferen-e-inceneratoreve\/","title":{"rendered":"Blushi \u201czbraz\u201d akuzat ndaj Metanit: Pse hesht ILD p\u00ebr gjyqtar\u00ebt problematik\u00eb dhe afer\u00ebn e incenerator\u00ebve?"},"content":{"rendered":"<p>Nj\u00eb debat i ashp\u00ebr \u00ebsht\u00eb zhvilluar sot n\u00eb Komisionin Parlamentar t\u00eb Ligjeve mes an\u00ebtarit t\u00eb opozit\u00ebs, Tedi Blushi, dhe kreut t\u00eb Inspektoratit t\u00eb Lart\u00eb t\u00eb Drejt\u00ebsis\u00eb (ILD), Artur Metani. Blushi ngriti nj\u00eb s\u00ebr\u00eb akuzash serioze dhe pyetjesh t\u00eb drejtp\u00ebrdrejta lidhur me integritetin dhe veprimtarin\u00eb e Metanit n\u00eb krye t\u00eb ILD-s\u00eb, duke v\u00ebn\u00eb n\u00eb pik\u00ebpyetje pavar\u00ebsin\u00eb e k\u00ebtij institucioni.<\/p>\n<p>Blushi e akuzoi Metanin p\u00ebr konflikt interesi dhe munges\u00eb t\u00eb pavar\u00ebsis\u00eb, duke kujtuar se ai ka qen\u00eb ish-Drejtor i Departamentit Juridik n\u00eb qeverin\u00eb e Edi Ram\u00ebs. \u201cAktet dhe vendimet q\u00eb keni firmosur si pjes\u00eb e qeveris\u00eb, sot ose jan\u00eb n\u00eb hetim ose kan\u00eb \u00e7uar n\u00eb d\u00ebnime. Si mund t\u00eb hetoj\u00eb nj\u00eb gjyqtar nj\u00eb akt q\u00eb ju vet\u00eb e keni firmosur?\u201d, pyeti Blushi.<\/p>\n<p>Deputeti i opozit\u00ebs solli n\u00eb v\u00ebmendje fatur\u00ebn prej rreth 40 milion\u00eb eurosh q\u00eb Shqip\u00ebria ka paguar p\u00ebr vendime t\u00eb padrejta t\u00eb rr\u00ebzuara nga Gjykata e Strasburgut. Ai k\u00ebrkoi q\u00eb gjyqtar\u00ebt p\u00ebrgjegj\u00ebs t\u00eb mbajn\u00eb p\u00ebrgjegj\u00ebsi financiare, jo qytetar\u00ebt.<\/p>\n<p>Blushi k\u00ebrkoi p\u00ebrgjigje n\u00ebse ILD ka nd\u00ebrmarr\u00eb ndonj\u00eb procedim disiplinor ndaj gjyqtar\u00ebve si Irena Maneku, Gjoka, Shpata, p\u00ebr fshehje t\u00eb d\u00ebnimeve penale n\u00eb shtete t\u00eb tjera, konkretisht n\u00eb Greqi. Ai theksoi se ndon\u00ebse verifikimet p\u00ebr nj\u00eb prej tyre jan\u00eb premtuar prej m\u00eb shum\u00eb se nj\u00eb viti, nuk ka ende asnj\u00eb rezultat.<\/p>\n<p>Blushi e akuzoi Metanin se ka pasur nj\u00eb rol n\u00eb k\u00ebt\u00eb afer\u00eb dhe ngriti shqet\u00ebsimin n\u00ebse kjo ndikon n\u00eb pun\u00ebn e prokuror\u00ebve dhe gjyqtar\u00ebve q\u00eb po hetojn\u00eb \u00e7\u00ebshtjen. \u201cA ndihen n\u00ebn presion nga ju?\u201d, e pyeti ai drejtp\u00ebrdrejt.<\/p>\n<p>Ai k\u00ebrkoi emrat e prokuror\u00ebve t\u00eb SPAK q\u00eb, sipas tij, shkelin ligjin dhe mbeten t\u00eb paprekur nga ILD, duke e akuzuar Metanin p\u00ebr mbrojtje selektive dhe munges\u00eb transparence.<\/p>\n<p>\u201cJu fol\u00ebt p\u00ebr dilema universale, por nuk dhat\u00eb asnj\u00eb p\u00ebrgjigje konkrete p\u00ebr \u00e7\u00ebshtje q\u00eb shqet\u00ebsojn\u00eb \u00e7do shqiptar,\u201d p\u00ebrfundoi Blushi, duke e akuzuar drejt\u00ebsin\u00eb aktuale p\u00ebr certifikim t\u00eb paligjshm\u00ebris\u00eb dhe pand\u00ebshkueshm\u00ebris\u00eb.<\/p>\n<p>The post <a href=\"https:\/\/gijotina.com\/blushi-zbraz-akuzat-ndaj-metanit-pse-hesht-ild-per-gjyqtaret-problematike-dhe-aferen-e-inceneratoreve\/\">Blushi \u201czbraz\u201d akuzat ndaj Metanit: Pse hesht ILD p\u00ebr gjyqtar\u00ebt problematik\u00eb dhe afer\u00ebn e incenerator\u00ebve?<\/a> appeared first on <a href=\"https:\/\/gijotina.com\/\">GIJOTINA<\/a>.<\/p>","protected":false},"excerpt":{"rendered":"<p>Nj\u00eb debat i ashp\u00ebr \u00ebsht\u00eb zhvilluar sot n\u00eb Komisionin Parlamentar t\u00eb Ligjeve mes an\u00ebtarit t\u00eb opozit\u00ebs, Tedi Blushi, dhe kreut t\u00eb Inspektoratit t\u00eb Lart\u00eb t\u00eb Drejt\u00ebsis\u00eb (ILD), Artur Metani. Blushi ngriti nj\u00eb s\u00ebr\u00eb akuzash serioze dhe pyetjesh t\u00eb drejtp\u00ebrdrejta lidhur me integritetin dhe veprimtarin\u00eb e Metanit n\u00eb krye t\u00eb ILD-s\u00eb, duke v\u00ebn\u00eb n\u00eb pik\u00ebpyetje pavar\u00ebsin\u00eb [&hellip;]<\/p>\n","protected":false},"author":0,"featured_media":0,"comment_status":"open","ping_status":"open","sticky":false,"template":"","format":"standard","meta":{"footnotes":""},"categories":[1],"tags":[],"class_list":["post-46132","post","type-post","status-publish","format-standard","hentry","category-uncategorized"],"_links":{"self":[{"href":"https:\/\/zennihost.com\/test\/wp-json\/wp\/v2\/posts\/46132","targetHints":{"allow":["GET"]}}],"collection":[{"href":"https:\/\/zennihost.com\/test\/wp-json\/wp\/v2\/posts"}],"about":[{"href":"https:\/\/zennihost.com\/test\/wp-json\/wp\/v2\/types\/post"}],"replies":[{"embeddable":true,"href":"https:\/\/zennihost.com\/test\/wp-json\/wp\/v2\/comments?post=46132"}],"version-history":[{"count":0,"href":"https:\/\/zennihost.com\/test\/wp-json\/wp\/v2\/posts\/46132\/revisions"}],"wp:attachment":[{"href":"https:\/\/zennihost.com\/test\/wp-json\/wp\/v2\/media?parent=46132"}],"wp:term":[{"taxonomy":"category","embeddable":true,"href":"https:\/\/zennihost.com\/test\/wp-json\/wp\/v2\/categories?post=46132"},{"taxonomy":"post_tag","embeddable":true,"href":"https:\/\/zennihost.com\/test\/wp-json\/wp\/v2\/tags?post=46132"}],"curies":[{"name":"wp","href":"https:\/\/api.w.org\/{rel}","templated":true}]}}