{"id":46130,"date":"2025-10-13T13:48:14","date_gmt":"2025-10-13T13:48:14","guid":{"rendered":"https:\/\/zennihost.com\/test\/2025\/10\/13\/arsimi-shqiptar-ne-kolapsboci-universitetet-publike-jashte-renditjes-boterore-deshmi-e-deshtimit-te-arsimit-nen-qeverine-rama\/"},"modified":"2025-10-13T13:48:14","modified_gmt":"2025-10-13T13:48:14","slug":"arsimi-shqiptar-ne-kolapsboci-universitetet-publike-jashte-renditjes-boterore-deshmi-e-deshtimit-te-arsimit-nen-qeverine-rama","status":"publish","type":"post","link":"https:\/\/zennihost.com\/test\/2025\/10\/13\/arsimi-shqiptar-ne-kolapsboci-universitetet-publike-jashte-renditjes-boterore-deshmi-e-deshtimit-te-arsimit-nen-qeverine-rama\/","title":{"rendered":"Arsimi shqiptar n\u00eb kolaps,Bo\u00e7i: Universitetet publike jasht\u00eb renditjes bot\u00ebrore, d\u00ebshmi e d\u00ebshtimit t\u00eb arsimit n\u00ebn qeverin\u00eb Rama"},"content":{"rendered":"<p>Partia Demokratike ka reaguar me shqet\u00ebsim pas publikimit t\u00eb renditjes bot\u00ebrore t\u00eb universiteteve nga prestigjiozja Times Higher Education (THE) m\u00eb 9 tetor 2025, ku asnj\u00eb universitet publik shqiptar nuk \u00ebsht\u00eb p\u00ebrfshir\u00eb n\u00eb list\u00ebn nd\u00ebrkomb\u00ebtare t\u00eb klasifikimit p\u00ebr vitin 2026.<\/p>\n<p>N\u00eb nj\u00eb deklarat\u00eb publike, n\u00ebnkryetari i PD-s\u00eb, Lu\u00e7iano Bo\u00e7i, e cil\u00ebsoi k\u00ebt\u00eb si nj\u00eb tjet\u00ebr rekord negativ t\u00eb qeveris\u00eb Rama, duke e akuzuar p\u00ebr shkat\u00ebrrimin sistematik t\u00eb arsimit t\u00eb lart\u00eb n\u00eb vend.<\/p>\n<p>\u201cUniversiteti i Tiran\u00ebs, institucioni m\u00eb i madh publik n\u00eb vend, nuk ka num\u00ebr renditjeje dhe figuron vet\u00ebm si \u2018Reporter\u2019, q\u00eb do t\u00eb thot\u00eb se ka dor\u00ebzuar t\u00eb dh\u00ebna, por nuk ka p\u00ebrmbushur kriteret p\u00ebr t\u2019u renditur,\u201d deklaroi Bo\u00e7i.<\/p>\n<p><strong>Deklarata e n\u00ebnkryetarit t\u00eb PD, Lu\u00e7iano Bo\u00e7i:<\/strong><\/p>\n<p>Fal\u00eb \u2018qeveris\u00eb Rama\u2019, Shqip\u00ebria thyen nj\u00eb tjet\u00ebr rekord p\u00ebr keq: Universiteti publik lihet jasht\u00eb renditjes bot\u00ebrore t\u00eb Times.<\/p>\n<p>Partia Demokratike denoncon me shqet\u00ebsim t\u00eb thell\u00eb gjendjen dramatike t\u00eb arsimit t\u00eb lart\u00eb n\u00eb vend, e cila \u00ebsht\u00eb ekspozuar haptazi nga publikimi i fundit i renditjes bot\u00ebrore t\u00eb universiteteve nga Times Higher Education (THE), m\u00eb 9 tetor 2025.<\/p>\n<p>Sipas World University Rankings 2026, asnj\u00eb universitet publik shqiptar nuk figuron n\u00eb renditjen nd\u00ebrkomb\u00ebtare.<\/p>\n<p>Universiteti i Tiran\u00ebs, institucioni m\u00eb i madh publik i vendit, nuk ka num\u00ebr renditjeje dhe ka vet\u00ebm status \u2018Reporter\u2019, q\u00eb n\u00ebnkupton se ka dor\u00ebzuar t\u00eb dh\u00ebna, por nuk ka p\u00ebrmbushur kriteret p\u00ebr t\u2019u klasifikuar.<\/p>\n<p>Ky fakt trondit\u00ebs, \u00ebsht\u00eb d\u00ebshmi e qart\u00eb e d\u00ebshtimit t\u00eb qeveris\u00eb Rama n\u00eb fush\u00ebn e arsimit t\u00eb lart\u00eb dhe rr\u00ebzon propagand\u00ebn e \u2018nd\u00ebrkomb\u00ebtarizimit\u2019 t\u00eb universiteteve shqiptare.<\/p>\n<p>Nd\u00ebrkoh\u00eb q\u00eb qeveria mburret me \u2018reforma\u2019 dhe \u2018modernizim\u2019, universitetet shqiptare mbeten jasht\u00eb \u00e7do standardi nd\u00ebrkomb\u00ebtar dhe t\u00eb padukshme n\u00eb hart\u00ebn akademike t\u00eb bot\u00ebs.<\/p>\n<p>N\u00eb rajon, Universiteti i Prishtin\u00ebs \u00ebsht\u00eb renditur n\u00eb vendin e 518-t\u00eb, nd\u00ebrsa t\u00eb p\u00ebrfshir\u00eb n\u00eb klasifikim jan\u00eb edhe universitetet e Sarajev\u00ebs, Maqedonis\u00eb s\u00eb Veriut dhe Serbis\u00eb.<\/p>\n<p>Kjo tregon se vet\u00ebm Shqip\u00ebria po bie me shpejt\u00ebsi nga standardet e zhvillimit arsimor.<\/p>\n<p>Partia Demokratike thekson se kjo situat\u00eb \u00ebsht\u00eb pasoj\u00eb direkte e:<\/p>\n<p>\u2022politizimit ekstrem t\u00eb institucioneve t\u00eb arsimit t\u00eb lart\u00eb;<\/p>\n<p>\u2022em\u00ebrimeve partiake dhe jo me merit\u00eb t\u00eb drejtuesve universitar\u00eb;<\/p>\n<p>\u2022munges\u00ebs s\u00eb k\u00ebrkimit shkencor real dhe financimeve transparente;<\/p>\n<p>\u2022si dhe shkat\u00ebrrimit t\u00eb autonomis\u00eb universitare nga nd\u00ebrhyrjet e qeveris\u00eb Rama.<\/p>\n<p>Propaganda e qeveris\u00eb p\u00ebr \u2018diploma t\u00eb njohura nd\u00ebrkomb\u00ebtarisht\u2019 \u00ebsht\u00eb nj\u00eb mashtrim p\u00ebr student\u00ebt dhe familjet shqiptare, q\u00eb po paguajn\u00eb \u00e7mime gjithnj\u00eb e m\u00eb t\u00eb larta p\u00ebr diploma pa asnj\u00eb vler\u00eb reale n\u00eb tregun global t\u00eb pun\u00ebs.<\/p>\n<p>Partia Demokratike i b\u00ebn thirrje qeveris\u00eb t\u00eb ndal\u00eb propagand\u00ebn dhe t\u00eb p\u00ebrballet me realitetin:<\/p>\n<p>Arsimi shqiptar \u00ebsht\u00eb n\u00eb kolaps t\u00eb plot\u00eb dhe k\u00ebrkon nj\u00eb reform\u00eb komb\u00ebtare urgjente, t\u00eb bazuar n\u00eb merit\u00eb, cil\u00ebsi dhe transparenc\u00eb.<\/p>\n<p>PD riafirmon angazhimin e saj p\u00ebr autonomi t\u00eb v\u00ebrtet\u00eb universitare, financim t\u00eb q\u00ebndruesh\u00ebm t\u00eb k\u00ebrkimit shkencor, dhe rikthimin e standardeve europiane n\u00eb arsimin e lart\u00eb shqiptar.<\/p>\n<p>The post <a href=\"https:\/\/gijotina.com\/arsimi-shqiptar-ne-kolapsboci-universitetet-publike-jashte-renditjes-boterore-deshmi-e-deshtimit-te-arsimit-nen-qeverine-rama\/\">Arsimi shqiptar n\u00eb kolaps,Bo\u00e7i: Universitetet publike jasht\u00eb renditjes bot\u00ebrore, d\u00ebshmi e d\u00ebshtimit t\u00eb arsimit n\u00ebn qeverin\u00eb Rama<\/a> appeared first on <a href=\"https:\/\/gijotina.com\/\">GIJOTINA<\/a>.<\/p>","protected":false},"excerpt":{"rendered":"<p>Partia Demokratike ka reaguar me shqet\u00ebsim pas publikimit t\u00eb renditjes bot\u00ebrore t\u00eb universiteteve nga prestigjiozja Times Higher Education (THE) m\u00eb 9 tetor 2025, ku asnj\u00eb universitet publik shqiptar nuk \u00ebsht\u00eb p\u00ebrfshir\u00eb n\u00eb list\u00ebn nd\u00ebrkomb\u00ebtare t\u00eb klasifikimit p\u00ebr vitin 2026. N\u00eb nj\u00eb deklarat\u00eb publike, n\u00ebnkryetari i PD-s\u00eb, Lu\u00e7iano Bo\u00e7i, e cil\u00ebsoi k\u00ebt\u00eb si nj\u00eb tjet\u00ebr rekord [&hellip;]<\/p>\n","protected":false},"author":0,"featured_media":0,"comment_status":"open","ping_status":"open","sticky":false,"template":"","format":"standard","meta":{"footnotes":""},"categories":[1],"tags":[],"class_list":["post-46130","post","type-post","status-publish","format-standard","hentry","category-uncategorized"],"_links":{"self":[{"href":"https:\/\/zennihost.com\/test\/wp-json\/wp\/v2\/posts\/46130","targetHints":{"allow":["GET"]}}],"collection":[{"href":"https:\/\/zennihost.com\/test\/wp-json\/wp\/v2\/posts"}],"about":[{"href":"https:\/\/zennihost.com\/test\/wp-json\/wp\/v2\/types\/post"}],"replies":[{"embeddable":true,"href":"https:\/\/zennihost.com\/test\/wp-json\/wp\/v2\/comments?post=46130"}],"version-history":[{"count":0,"href":"https:\/\/zennihost.com\/test\/wp-json\/wp\/v2\/posts\/46130\/revisions"}],"wp:attachment":[{"href":"https:\/\/zennihost.com\/test\/wp-json\/wp\/v2\/media?parent=46130"}],"wp:term":[{"taxonomy":"category","embeddable":true,"href":"https:\/\/zennihost.com\/test\/wp-json\/wp\/v2\/categories?post=46130"},{"taxonomy":"post_tag","embeddable":true,"href":"https:\/\/zennihost.com\/test\/wp-json\/wp\/v2\/tags?post=46130"}],"curies":[{"name":"wp","href":"https:\/\/api.w.org\/{rel}","templated":true}]}}