{"id":46124,"date":"2025-10-13T12:48:16","date_gmt":"2025-10-13T12:48:16","guid":{"rendered":"https:\/\/zennihost.com\/test\/2025\/10\/13\/gjyqi-partizani-prokurori-kraja-rrezon-berishen-per-pretendimet-ska-shkelje\/"},"modified":"2025-10-13T12:48:16","modified_gmt":"2025-10-13T12:48:16","slug":"gjyqi-partizani-prokurori-kraja-rrezon-berishen-per-pretendimet-ska-shkelje","status":"publish","type":"post","link":"https:\/\/zennihost.com\/test\/2025\/10\/13\/gjyqi-partizani-prokurori-kraja-rrezon-berishen-per-pretendimet-ska-shkelje\/","title":{"rendered":"Gjyqi \u201cPartizani\u201d\/ Prokurori Kraja rr\u00ebzon Berish\u00ebn p\u00ebr pretendimet: S\u2019ka shkelje"},"content":{"rendered":"<p>N\u00eb seanc\u00ebn e radh\u00ebs p\u00ebr dosjen \u201cPartizani\u201d, Prokurori i SPAK, Arben Kraja, ka kund\u00ebrshtuar t\u00eb gjitha pretendimet e mbrojtjes kwtw tw hwnw n\u00eb lidhje me procedurat dhe vlefshm\u00ebrin\u00eb e akteve n\u00eb proces.<\/p>\n<p>\u201cSa i takon pretendimeve p\u00ebr gjyqtar\u00ebt, \u00ebsht\u00eb shprehur Gjykata Kushtetuese\u201d, u shpreh Kraja gjat\u00eb fjal\u00ebs s\u00eb tij para trup\u00ebs gjykuese.<\/p>\n<p>Lidhur me akuz\u00ebn p\u00ebr shp\u00ebrdorim detyre ndaj t\u00eb pandehurit Sali Berisha, ai tha:<\/p>\n<p>\u201cP\u00ebr shp\u00ebrdorimin e detyr\u00ebs p\u00ebr t\u00eb pandehurin Berisha, i kujtoj mbrojtjes institutin e parashkrimit\u201d.<\/p>\n<p>Nd\u00ebrsa p\u00ebr momentin e regjistrimit t\u00eb kall\u00ebzimit penal, Kraja theksoi:<\/p>\n<p>\u201cRegjistrimi i kall\u00ebzimit penal n\u00eb t\u00eb nj\u00ebjt\u00ebn dit\u00eb q\u00eb \u00ebsht\u00eb dor\u00ebzuar nuk p\u00ebrb\u00ebn shkak p\u00ebr pavlefshm\u00ebri, kur ka elemente, prokurori e regjistron\u201d.<\/p>\n<p>Ai shtoi gjithashtu se:<\/p>\n<p>\u201cS\u2019ka shkelje p\u00ebr ekzekutimin e masave t\u00eb sigurimit\u201d.<\/p>\n<p>Sa i p\u00ebrket akteve t\u00eb ekspertimit, p\u00ebr t\u00eb cilat mbrojtja ka pretenduar se jan\u00eb kryer nga ekspert\u00eb t\u00eb paregjistruar, Kraja sqaroi:<\/p>\n<p>\u201cNuk q\u00ebndron, pasi jo domosdoshm\u00ebrisht duhet t\u00eb jen\u00eb n\u00eb regjistrin elektronik dhe privat, kemi ekspert\u00ebt tan\u00eb t\u00eb policis\u00eb dhe institucioneve t\u00eb tjera\u201d.<\/p>\n<p>N\u00eb fund, ai u shpreh prer\u00eb:<\/p>\n<p>\u201cAsnj\u00eb nga pretendimet e ngritura nuk \u00e7on n\u00eb pavlefshm\u00ebri\u201d.<\/p>\n<p>The post <a href=\"https:\/\/lexo.al\/2025\/10\/gjyqi-partizani-prokurori-kraja-rrezon-berishen-per-pretendimet-ska-shkelje\/\">Gjyqi \u201cPartizani\u201d\/ Prokurori Kraja rr\u00ebzon Berish\u00ebn p\u00ebr pretendimet: S\u2019ka shkelje<\/a> appeared first on <a href=\"https:\/\/lexo.al\/\">www.lexo.al<\/a>.<\/p>","protected":false},"excerpt":{"rendered":"<p>N\u00eb seanc\u00ebn e radh\u00ebs p\u00ebr dosjen \u201cPartizani\u201d, Prokurori i SPAK, Arben Kraja, ka kund\u00ebrshtuar t\u00eb gjitha pretendimet e mbrojtjes kwtw tw hwnw n\u00eb lidhje me procedurat dhe vlefshm\u00ebrin\u00eb e akteve n\u00eb proces. \u201cSa i takon pretendimeve p\u00ebr gjyqtar\u00ebt, \u00ebsht\u00eb shprehur Gjykata Kushtetuese\u201d, u shpreh Kraja gjat\u00eb fjal\u00ebs s\u00eb tij para trup\u00ebs gjykuese. Lidhur me akuz\u00ebn [&hellip;]<\/p>\n","protected":false},"author":0,"featured_media":0,"comment_status":"open","ping_status":"open","sticky":false,"template":"","format":"standard","meta":{"footnotes":""},"categories":[1],"tags":[],"class_list":["post-46124","post","type-post","status-publish","format-standard","hentry","category-uncategorized"],"_links":{"self":[{"href":"https:\/\/zennihost.com\/test\/wp-json\/wp\/v2\/posts\/46124","targetHints":{"allow":["GET"]}}],"collection":[{"href":"https:\/\/zennihost.com\/test\/wp-json\/wp\/v2\/posts"}],"about":[{"href":"https:\/\/zennihost.com\/test\/wp-json\/wp\/v2\/types\/post"}],"replies":[{"embeddable":true,"href":"https:\/\/zennihost.com\/test\/wp-json\/wp\/v2\/comments?post=46124"}],"version-history":[{"count":0,"href":"https:\/\/zennihost.com\/test\/wp-json\/wp\/v2\/posts\/46124\/revisions"}],"wp:attachment":[{"href":"https:\/\/zennihost.com\/test\/wp-json\/wp\/v2\/media?parent=46124"}],"wp:term":[{"taxonomy":"category","embeddable":true,"href":"https:\/\/zennihost.com\/test\/wp-json\/wp\/v2\/categories?post=46124"},{"taxonomy":"post_tag","embeddable":true,"href":"https:\/\/zennihost.com\/test\/wp-json\/wp\/v2\/tags?post=46124"}],"curies":[{"name":"wp","href":"https:\/\/api.w.org\/{rel}","templated":true}]}}