{"id":46123,"date":"2025-10-13T12:48:16","date_gmt":"2025-10-13T12:48:16","guid":{"rendered":"https:\/\/zennihost.com\/test\/2025\/10\/13\/hashim-thaci-serish-ne-politike-pasi-te-dale-nga-haga-endrit-thaci-nuk-ka-politikan-me-te-permbushur-se-babai-im\/"},"modified":"2025-10-13T12:48:16","modified_gmt":"2025-10-13T12:48:16","slug":"hashim-thaci-serish-ne-politike-pasi-te-dale-nga-haga-endrit-thaci-nuk-ka-politikan-me-te-permbushur-se-babai-im","status":"publish","type":"post","link":"https:\/\/zennihost.com\/test\/2025\/10\/13\/hashim-thaci-serish-ne-politike-pasi-te-dale-nga-haga-endrit-thaci-nuk-ka-politikan-me-te-permbushur-se-babai-im\/","title":{"rendered":"Hashim Tha\u00e7i s\u00ebrish n\u00eb politik\u00eb pasi t\u00eb dal\u00eb nga Haga? Endrit Tha\u00e7i: Nuk ka politikan m\u00eb t\u00eb p\u00ebrmbushur se babai im"},"content":{"rendered":"<p>N\u00eb nj\u00eb rr\u00ebfim ekskluziv p\u00ebr \u201cGrida Duma Podcast\u201d, Endrit Tha\u00e7i ka folur p\u00ebr p\u00ebrballjen e babait t\u00eb tij, ish-presidentit t\u00eb Kosov\u00ebs Hashim Tha\u00e7i, me drejt\u00ebsin\u00eb nd\u00ebrkomb\u00ebtare n\u00eb Hag\u00eb dhe p\u00ebr rolin e tij historik n\u00eb politik\u00ebn kosovare. <\/p>\n<p>I pyetur nga Grida Duma n\u00ebse beson q\u00eb ish-presidenti do t\u00eb rikthehet n\u00eb jet\u00ebn politike pas p\u00ebrfundimit t\u00eb procesit gjyq\u00ebsor, Endrit Tha\u00e7i tha: <\/p>\n<p>\u201cNuk ka politikan m\u00eb t\u00eb p\u00ebrmbushur dhe m\u00eb t\u00eb suksessh\u00ebm se babai im, nd\u00ebrsa a do kthehet n\u00eb politik\u00eb apo jo, un\u00eb k\u00ebt\u00eb nuk e di, por do ta respektoj \u00e7far\u00ebdo vendimi q\u00eb ai do ta marr\u00eb.\u201d <\/p>\n<p>N\u00eb nj\u00eb moment tjet\u00ebr t\u00eb bised\u00ebs, Grida Duma e pyeti drejtp\u00ebrdrejt n\u00ebse politikan\u00ebt aktual\u00eb t\u00eb Kosov\u00ebs mund t\u00eb krahasohen me figur\u00ebn e Hashim Tha\u00e7it. <\/p>\n<p>Endriti u p\u00ebrgjigj me bindje: <\/p>\n<p>\u201cAskush nga ata nuk mund ta kaloj\u00eb historin\u00eb q\u00eb ka kaluar babi. Babi ka kaluar gjith\u00eb historin\u00eb e Kosov\u00ebs q\u00eb nga themelimi i U\u00c7K-s\u00eb, nga Rambujea, bisedimet n\u00eb Vjen\u00eb, Pavar\u00ebsia e deri te shtet-nd\u00ebrtimi. K\u00ebshtu q\u00eb historia flet, nuk ka nevoj\u00eb t\u00eb flas un\u00eb.\u201d <\/p>\n<p>Ky episod me Endrit Tha\u00e7in hapi nj\u00eb seri bashk\u00ebbisedimesh t\u00eb \u201cGrida Duma Podcast\u201d, me rr\u00ebfime t\u00eb forta dhe emocionale nga personazhe t\u00eb ndrysh\u00ebm t\u00eb jet\u00ebs publike dhe jo vet\u00ebm. <\/p>\n<p>The post <a href=\"https:\/\/lexo.al\/2025\/10\/hashim-thaci-serish-ne-politike-pasi-te-dale-nga-haga-endrit-thaci-nuk-ka-politikan-me-te-permbushur-se-babai-im\/\">Hashim Tha\u00e7i s\u00ebrish n\u00eb politik\u00eb pasi t\u00eb dal\u00eb nga Haga? Endrit Tha\u00e7i: Nuk ka politikan m\u00eb t\u00eb p\u00ebrmbushur se babai im<\/a> appeared first on <a href=\"https:\/\/lexo.al\/\">www.lexo.al<\/a>.<\/p>","protected":false},"excerpt":{"rendered":"<p>N\u00eb nj\u00eb rr\u00ebfim ekskluziv p\u00ebr \u201cGrida Duma Podcast\u201d, Endrit Tha\u00e7i ka folur p\u00ebr p\u00ebrballjen e babait t\u00eb tij, ish-presidentit t\u00eb Kosov\u00ebs Hashim Tha\u00e7i, me drejt\u00ebsin\u00eb nd\u00ebrkomb\u00ebtare n\u00eb Hag\u00eb dhe p\u00ebr rolin e tij historik n\u00eb politik\u00ebn kosovare. I pyetur nga Grida Duma n\u00ebse beson q\u00eb ish-presidenti do t\u00eb rikthehet n\u00eb jet\u00ebn politike pas p\u00ebrfundimit t\u00eb [&hellip;]<\/p>\n","protected":false},"author":0,"featured_media":0,"comment_status":"open","ping_status":"open","sticky":false,"template":"","format":"standard","meta":{"footnotes":""},"categories":[1],"tags":[],"class_list":["post-46123","post","type-post","status-publish","format-standard","hentry","category-uncategorized"],"_links":{"self":[{"href":"https:\/\/zennihost.com\/test\/wp-json\/wp\/v2\/posts\/46123","targetHints":{"allow":["GET"]}}],"collection":[{"href":"https:\/\/zennihost.com\/test\/wp-json\/wp\/v2\/posts"}],"about":[{"href":"https:\/\/zennihost.com\/test\/wp-json\/wp\/v2\/types\/post"}],"replies":[{"embeddable":true,"href":"https:\/\/zennihost.com\/test\/wp-json\/wp\/v2\/comments?post=46123"}],"version-history":[{"count":0,"href":"https:\/\/zennihost.com\/test\/wp-json\/wp\/v2\/posts\/46123\/revisions"}],"wp:attachment":[{"href":"https:\/\/zennihost.com\/test\/wp-json\/wp\/v2\/media?parent=46123"}],"wp:term":[{"taxonomy":"category","embeddable":true,"href":"https:\/\/zennihost.com\/test\/wp-json\/wp\/v2\/categories?post=46123"},{"taxonomy":"post_tag","embeddable":true,"href":"https:\/\/zennihost.com\/test\/wp-json\/wp\/v2\/tags?post=46123"}],"curies":[{"name":"wp","href":"https:\/\/api.w.org\/{rel}","templated":true}]}}